{"id":105058,"date":"2019-04-18T20:33:10","date_gmt":"2019-04-18T17:33:10","guid":{"rendered":"https:\/\/sana.sy\/es\/?p=105058"},"modified":"2023-01-10T15:15:49","modified_gmt":"2023-01-10T13:15:49","slug":"siria-participa-en-la-5o-conferencia-economica-internacional","status":"publish","type":"post","link":"https:\/\/archive.sana.sy\/es\/?p=105058","title":{"rendered":"Siria participa en la 5\u00ba Conferencia Econ\u00f3mica Internacional"},"content":{"rendered":"<p>Yalta-SANA<\/p>\n<p>Se ha inaugurado en la ciudad de Yalta, en la Republica de Crimea, la 5\u00ba Conferencia Econ\u00f3mica Internacional, con la participaci\u00f3n de 89 pa\u00edses.<\/p>\n<p>La delegaci\u00f3n siria participante en la conferencia, est\u00e1 encabezada por el Ministro de Econom\u00eda y Comercio Exterior y incluye a un n\u00famero de hombres de negocios sirios.<\/p>\n<p>Y.K.<\/p>\n","protected":false},"excerpt":{"rendered":"<p>Yalta-SANA Se ha inaugurado en la ciudad de Yalta, en la Republica de Crimea, la 5\u00ba Conferencia Econ\u00f3mica Internacional, con la participaci\u00f3n de 89 pa\u00edses. La delegaci\u00f3n siria participante en la conferencia, est\u00e1 encabezada por el Ministro de Econom\u00eda y Comercio Exterior y incluye a un n\u00famero de hombres de negocios sirios. Y.K.<\/p>\n","protected":false},"author":1,"featured_media":105059,"comment_status":"closed","ping_status":"closed","sticky":false,"template":"","format":"standard","meta":{"footnotes":""},"categories":[485,7541],"tags":[],"class_list":["post-105058","post","type-post","status-publish","format-standard","has-post-thumbnail","","category-informes-negocios-y-finanzas","category-ultimas-noticias"],"_links":{"self":[{"href":"https:\/\/archive.sana.sy\/es\/index.php?rest_route=\/wp\/v2\/posts\/105058"}],"collection":[{"href":"https:\/\/archive.sana.sy\/es\/index.php?rest_route=\/wp\/v2\/posts"}],"about":[{"href":"https:\/\/archive.sana.sy\/es\/index.php?rest_route=\/wp\/v2\/types\/post"}],"author":[{"embeddable":true,"href":"https:\/\/archive.sana.sy\/es\/index.php?rest_route=\/wp\/v2\/users\/1"}],"replies":[{"embeddable":true,"href":"https:\/\/archive.sana.sy\/es\/index.php?rest_route=%2Fwp%2Fv2%2Fcomments&post=105058"}],"version-history":[{"count":0,"href":"https:\/\/archive.sana.sy\/es\/index.php?rest_route=\/wp\/v2\/posts\/105058\/revisions"}],"wp:featuredmedia":[{"embeddable":true,"href":"https:\/\/archive.sana.sy\/es\/index.php?rest_route=\/wp\/v2\/media\/105059"}],"wp:attachment":[{"href":"https:\/\/archive.sana.sy\/es\/index.php?rest_route=%2Fwp%2Fv2%2Fmedia&parent=105058"}],"wp:term":[{"taxonomy":"category","embeddable":true,"href":"https:\/\/archive.sana.sy\/es\/index.php?rest_route=%2Fwp%2Fv2%2Fcategories&post=105058"},{"taxonomy":"post_tag","embeddable":true,"href":"https:\/\/archive.sana.sy\/es\/index.php?rest_route=%2Fwp%2Fv2%2Ftags&post=105058"}],"curies":[{"name":"wp","href":"https:\/\/api.w.org\/{rel}","templated":true}]}}