{"id":105068,"date":"2019-04-19T10:52:58","date_gmt":"2019-04-19T07:52:58","guid":{"rendered":"https:\/\/sana.sy\/es\/?p=105068"},"modified":"2019-04-19T10:52:58","modified_gmt":"2019-04-19T07:52:58","slug":"el-consejo-iraqui-de-los-diputados-complementa-los-preparativos-para-la-conferencia-parlamentaria-de-los-estados-vecinos-de-irak","status":"publish","type":"post","link":"https:\/\/archive.sana.sy\/es\/?p=105068","title":{"rendered":"El Consejo iraqu\u00ed de los Diputados complementa los preparativos para la Conferencia Parlamentaria de los Estados Vecinos de Irak"},"content":{"rendered":"<p style=\"text-align: justify\"><span style=\"color: #800000\">Bagdad, SANA<\/span><\/p>\n<p style=\"text-align: justify\">El Secretariado General del Consejo de Diputados de Irak anunci\u00f3 la culminaci\u00f3n de los preparativos log\u00edsticos para la celebraci\u00f3n de la Conferencia de Parlamentos de los Estados Vecinos de Irak que tendr\u00e1 lugar ma\u00f1ana s\u00e1bado.<\/p>\n<p style=\"text-align: justify\">El secretario general del Consejo iraqu\u00ed de Diputados, Salah al-Hemyari, dijo en un comunicado que &#8220;el Secretariado General del Consejo culmin\u00f3 todos los preparativos referentes a la celebraci\u00f3n de la Conferencia de Bagdad que integra a los seis pa\u00edses vecinos que son: Siria, Ir\u00e1n, Kuwait, Turqu\u00eda, Jordania y Arabia Saudita, adem\u00e1s de la Rep\u00fablica de Irak&#8221;.<\/p>\n<p style=\"text-align: justify\">Por su parte la miembro del Comit\u00e9 de Relaciones Exteriores en el Consejo iraqu\u00ed de los Diputados, Iqbal Abd-Lehsen, afirm\u00f3 que la conferencia examinar\u00e1 la cuesti\u00f3n de mantener la seguridad de esos pa\u00edses por medio de la cooperaci\u00f3n y el entendimiento y la creaci\u00f3n de canales para resolver los problemas de seguridad. La funcionaria se\u00f1al\u00f3 que los debates se centrar\u00e1n en la integraci\u00f3n econ\u00f3mica y el comercio entre los pa\u00edses vecinos.<\/p>\n<p style=\"text-align: justify\"><span style=\"color: #0000ff\">Dr. A. Shaban\/ Ammar H.<\/span><\/p>\n","protected":false},"excerpt":{"rendered":"<p>Bagdad, SANA El Secretariado General del Consejo de Diputados de Irak anunci\u00f3 la culminaci\u00f3n de los preparativos log\u00edsticos para la celebraci\u00f3n de la Conferencia de Parlamentos de los Estados Vecinos de Irak que tendr\u00e1 lugar ma\u00f1ana s\u00e1bado. El secretario general del Consejo iraqu\u00ed de Diputados, Salah al-Hemyari, dijo en un comunicado que &#8220;el Secretariado General &hellip;<\/p>\n","protected":false},"author":30,"featured_media":105069,"comment_status":"closed","ping_status":"closed","sticky":false,"template":"","format":"standard","meta":{"footnotes":""},"categories":[597,456,7541],"tags":[15074],"class_list":["post-105068","post","type-post","status-publish","format-standard","has-post-thumbnail","","category-cinta-de-noticias","category-arabe-internacional-politica","category-ultimas-noticias","tag-el-consejo-iraqui-de-los-diputados-complementa-los-preparativos-para-la-conferencia-parlamentaria-de-los-estados-vecinos-de-irak"],"_links":{"self":[{"href":"https:\/\/archive.sana.sy\/es\/index.php?rest_route=\/wp\/v2\/posts\/105068"}],"collection":[{"href":"https:\/\/archive.sana.sy\/es\/index.php?rest_route=\/wp\/v2\/posts"}],"about":[{"href":"https:\/\/archive.sana.sy\/es\/index.php?rest_route=\/wp\/v2\/types\/post"}],"author":[{"embeddable":true,"href":"https:\/\/archive.sana.sy\/es\/index.php?rest_route=\/wp\/v2\/users\/30"}],"replies":[{"embeddable":true,"href":"https:\/\/archive.sana.sy\/es\/index.php?rest_route=%2Fwp%2Fv2%2Fcomments&post=105068"}],"version-history":[{"count":0,"href":"https:\/\/archive.sana.sy\/es\/index.php?rest_route=\/wp\/v2\/posts\/105068\/revisions"}],"wp:featuredmedia":[{"embeddable":true,"href":"https:\/\/archive.sana.sy\/es\/index.php?rest_route=\/wp\/v2\/media\/105069"}],"wp:attachment":[{"href":"https:\/\/archive.sana.sy\/es\/index.php?rest_route=%2Fwp%2Fv2%2Fmedia&parent=105068"}],"wp:term":[{"taxonomy":"category","embeddable":true,"href":"https:\/\/archive.sana.sy\/es\/index.php?rest_route=%2Fwp%2Fv2%2Fcategories&post=105068"},{"taxonomy":"post_tag","embeddable":true,"href":"https:\/\/archive.sana.sy\/es\/index.php?rest_route=%2Fwp%2Fv2%2Ftags&post=105068"}],"curies":[{"name":"wp","href":"https:\/\/api.w.org\/{rel}","templated":true}]}}