{"id":10507,"date":"2014-10-04T23:31:20","date_gmt":"2014-10-04T20:31:20","guid":{"rendered":"http:\/\/sanasyria.org\/es\/?p=10507"},"modified":"2014-10-04T23:31:20","modified_gmt":"2014-10-04T20:31:20","slug":"consejo-de-seguridad-condena-el-asesinato-del-britanico-henning-a-manos-de-ei","status":"publish","type":"post","link":"https:\/\/archive.sana.sy\/es\/?p=10507","title":{"rendered":"Consejo de Seguridad condena el asesinato del brit\u00e1nico Henning a manos de EI"},"content":{"rendered":"<p style=\"text-align: justify\"><span style=\"color: #800000\">Nueva York, ONU, SANA<\/span><\/p>\n<p style=\"text-align: justify\">El Consejo de Seguridad de la ONU conden\u00f3 en\u00e9rgicamente el asesinato del reh\u00e9n brit\u00e1nico Alan Henning a manos de la organizaci\u00f3n terrorista \u201cEstado Isl\u00e1mico\u201d, describi\u00e9ndolo como un acto criminal atroz y cobarde.<\/p>\n<p style=\"text-align: justify\">La agencia de noticias francesa citando el comunicado del Consejo de Seguridad anoche que fue aprobado por unanimidad dijo \u201cque las continuas atrocidades cometidas por la organizaci\u00f3n terrorista del \u201cEstado Isl\u00e1mico\u201d no nos van a asustar, sino que nos fortalecer\u00e1n para hacer frente a los yihadistas\u201d.<\/p>\n<p style=\"text-align: justify\">El comunicado agreg\u00f3 que \u201ceste crimen es un tr\u00e1gico recordatorio de los crecientes peligros que est\u00e1n enfrentando los trabajadores voluntarios en el \u00e1mbito humanitario en Siria, as\u00ed como revela una vez m\u00e1s la brutalidad de esta organizaci\u00f3n responsable de miles de violaciones contra los pueblos sirio e iraqu\u00ed.<\/p>\n<p style=\"text-align: justify\">Tambi\u00e9n, el comunicado, exigi\u00f3 la liberaci\u00f3n de todos los rehenes en poder de la organizaci\u00f3n extremista.<\/p>\n<p style=\"text-align: justify\">Es de se\u00f1alar, que Henning de 47 a\u00f1os de edad, fue secuestrado en diciembre del a\u00f1o pasado por los terroristas de EI, donde dicha organizaci\u00f3n se adjudic\u00f3 ayer en una grabaci\u00f3n de v\u00eddeo la ejecuci\u00f3n de Henning en respuesta a los ataques a\u00e9reos brit\u00e1nicos en contra de la organizaci\u00f3n en Irak.<\/p>\n<p style=\"text-align: justify\"><span style=\"color: #0000ff\">Ghifar Al., Riyad Sh.<\/span><\/p>\n","protected":false},"excerpt":{"rendered":"<p>Nueva York, ONU, SANA El Consejo de Seguridad de la ONU conden\u00f3 en\u00e9rgicamente el asesinato del reh\u00e9n brit\u00e1nico Alan Henning a manos de la organizaci\u00f3n terrorista \u201cEstado Isl\u00e1mico\u201d, describi\u00e9ndolo como un acto criminal atroz y cobarde. La agencia de noticias francesa citando el comunicado del Consejo de Seguridad anoche que fue aprobado por unanimidad dijo &hellip;<\/p>\n","protected":false},"author":1,"featured_media":10508,"comment_status":"closed","ping_status":"closed","sticky":false,"template":"","format":"standard","meta":{"footnotes":""},"categories":[597,456,457,576],"tags":[2339],"class_list":["post-10507","post","type-post","status-publish","format-standard","has-post-thumbnail","","category-cinta-de-noticias","category-arabe-internacional-politica","category-noticias-arabe-internacional-politica","category-noticias-politicas","tag-consejo-de-seguridad-condena-el-asesinato-del-britanico-henning-a-manos-de-ei"],"_links":{"self":[{"href":"https:\/\/archive.sana.sy\/es\/index.php?rest_route=\/wp\/v2\/posts\/10507"}],"collection":[{"href":"https:\/\/archive.sana.sy\/es\/index.php?rest_route=\/wp\/v2\/posts"}],"about":[{"href":"https:\/\/archive.sana.sy\/es\/index.php?rest_route=\/wp\/v2\/types\/post"}],"author":[{"embeddable":true,"href":"https:\/\/archive.sana.sy\/es\/index.php?rest_route=\/wp\/v2\/users\/1"}],"replies":[{"embeddable":true,"href":"https:\/\/archive.sana.sy\/es\/index.php?rest_route=%2Fwp%2Fv2%2Fcomments&post=10507"}],"version-history":[{"count":0,"href":"https:\/\/archive.sana.sy\/es\/index.php?rest_route=\/wp\/v2\/posts\/10507\/revisions"}],"wp:featuredmedia":[{"embeddable":true,"href":"https:\/\/archive.sana.sy\/es\/index.php?rest_route=\/wp\/v2\/media\/10508"}],"wp:attachment":[{"href":"https:\/\/archive.sana.sy\/es\/index.php?rest_route=%2Fwp%2Fv2%2Fmedia&parent=10507"}],"wp:term":[{"taxonomy":"category","embeddable":true,"href":"https:\/\/archive.sana.sy\/es\/index.php?rest_route=%2Fwp%2Fv2%2Fcategories&post=10507"},{"taxonomy":"post_tag","embeddable":true,"href":"https:\/\/archive.sana.sy\/es\/index.php?rest_route=%2Fwp%2Fv2%2Ftags&post=10507"}],"curies":[{"name":"wp","href":"https:\/\/api.w.org\/{rel}","templated":true}]}}