{"id":10510,"date":"2014-10-04T23:34:51","date_gmt":"2014-10-04T20:34:51","guid":{"rendered":"http:\/\/sanasyria.org\/es\/?p=10510"},"modified":"2014-10-05T15:14:14","modified_gmt":"2014-10-05T12:14:14","slug":"freij-las-victorias-del-ejercito-es-la-unica-manera-de-eliminar-el-terrorismo-y-restablecer-la-seguridad","status":"publish","type":"post","link":"https:\/\/archive.sana.sy\/es\/?p=10510","title":{"rendered":"Freij: \u201clas victorias del Ej\u00e9rcito es la \u00fanica manera de eliminar el terrorismo y restablecer la seguridad\u201d"},"content":{"rendered":"<p style=\"text-align: justify\"><span style=\"color: #800000\">Damasco, SANA<\/span><\/p>\n<p style=\"text-align: justify\">El General Fahd Yassem Freij, Subcomandante general del Ej\u00e9rcito y de las Fuerzas Armadas, Ministro de Defensa, afirm\u00f3 que el \u00edmpetu triunfal del ej\u00e9rcito sirio sobre las pandillas terroristas es la \u00fanica manera de eliminar el terrorismo y para el retorno de la seguridad y la estabilidad a la patria.<\/p>\n<p style=\"text-align: justify\"><a href=\"http:\/\/sanasyria.org\/es\/wp-content\/uploads\/2014\/10\/13.jpg\"><img loading=\"lazy\" decoding=\"async\" class=\"alignleft wp-image-10512 size-full\" src=\"http:\/\/sanasyria.org\/es\/wp-content\/uploads\/2014\/10\/13.jpg\" alt=\"1\" width=\"236\" height=\"203\" srcset=\"https:\/\/archive.sana.sy\/es\/wp-content\/uploads\/2014\/10\/13.jpg 236w, https:\/\/archive.sana.sy\/es\/wp-content\/uploads\/2014\/10\/13-150x129.jpg 150w\" sizes=\"(max-width: 236px) 100vw, 236px\" \/><\/a><\/p>\n<p style=\"text-align: justify\">Durante una visita de campo hoy a una de las unidades combatientes, acompa\u00f1ado por un n\u00famero de oficiales de la Comandancia General, Freij transmiti\u00f3 a los soldados los saludos y el aprecio del Se\u00f1or Presidente, General Mayor Bashar Al-Assad con motivo de Eid Al-Adha, haciendo referencia al \u201corgullo del pueblo sirio en su enfrentamiento a la conspiraci\u00f3n lanzada por las fuerzas occidentales coloniales y sus aliados\u201d.<\/p>\n<p style=\"text-align: justify\">Tambi\u00e9n se inform\u00f3 sobre las acciones llevadas a cabo por las unidades militares frente a las bandas terroristas y comprob\u00f3 su buena disposici\u00f3n tanto moral como combativa, destacando los grandes sacrificios brindados por los combatientes con el fin de mantener la seguridad de la patria y la preservaci\u00f3n de su dignidad y orgullo.<\/p>\n<p style=\"text-align: justify\">Asimismo, el Ministro de Defensa visit\u00f3 a los herido del ej\u00e9rcito y de las fuerzas armadas y se inform\u00f3 sobre su estado, y les felicit\u00f3 por el Eid, dese\u00e1ndoles una pronta recuperaci\u00f3n, tambi\u00e9n se reuni\u00f3 con el personal m\u00e9dico y escuch\u00f3 un resumen sobre de los servicios m\u00e9dicos y terap\u00e9uticos proporcionados, y elogi\u00f3 sus esfuerzos en el cuidado de los heridos.<\/p>\n<p style=\"text-align: justify\"><a href=\"http:\/\/sanasyria.org\/es\/wp-content\/uploads\/2014\/10\/23.jpg\"><img loading=\"lazy\" decoding=\"async\" class=\"aligncenter wp-image-10511 size-full\" src=\"http:\/\/sanasyria.org\/es\/wp-content\/uploads\/2014\/10\/23.jpg\" alt=\"2\" width=\"300\" height=\"159\" srcset=\"https:\/\/archive.sana.sy\/es\/wp-content\/uploads\/2014\/10\/23.jpg 300w, https:\/\/archive.sana.sy\/es\/wp-content\/uploads\/2014\/10\/23-150x79.jpg 150w\" sizes=\"(max-width: 300px) 100vw, 300px\" \/><\/a><\/p>\n<p style=\"text-align: justify\">A su vez, los l\u00edderes de las zonas militares visitaron las tumbas de los m\u00e1rtires y pusieron coronas florales en nombre del Sr. Presidente Bashar Al-Assad, Comandante General de las Fuerzas Armadas, en los memoriales de los m\u00e1rtires, tambi\u00e9n visitaron los heridos del ej\u00e9rcito \u00e1rabe sirio en varios hospitales militares.<\/p>\n<p style=\"text-align: justify\"><span style=\"color: #0000ff\">Ghifar Al., Riyad Sh.<\/span><\/p>\n","protected":false},"excerpt":{"rendered":"<p>Damasco, SANA El General Fahd Yassem Freij, Subcomandante general del Ej\u00e9rcito y de las Fuerzas Armadas, Ministro de Defensa, afirm\u00f3 que el \u00edmpetu triunfal del ej\u00e9rcito sirio sobre las pandillas terroristas es la \u00fanica manera de eliminar el terrorismo y para el retorno de la seguridad y la estabilidad a la patria. Durante una visita &hellip;<\/p>\n","protected":false},"author":1,"featured_media":10513,"comment_status":"closed","ping_status":"closed","sticky":false,"template":"","format":"standard","meta":{"footnotes":""},"categories":[477,476],"tags":[2340],"class_list":["post-10510","post","type-post","status-publish","format-standard","has-post-thumbnail","","category-noticias-edulcorantes","category-locales","tag-freij-las-victorias-del-ejercito-es-la-unica-manera-de-eliminar-el-terrorismo-y-restablecer-la-seguridad"],"_links":{"self":[{"href":"https:\/\/archive.sana.sy\/es\/index.php?rest_route=\/wp\/v2\/posts\/10510"}],"collection":[{"href":"https:\/\/archive.sana.sy\/es\/index.php?rest_route=\/wp\/v2\/posts"}],"about":[{"href":"https:\/\/archive.sana.sy\/es\/index.php?rest_route=\/wp\/v2\/types\/post"}],"author":[{"embeddable":true,"href":"https:\/\/archive.sana.sy\/es\/index.php?rest_route=\/wp\/v2\/users\/1"}],"replies":[{"embeddable":true,"href":"https:\/\/archive.sana.sy\/es\/index.php?rest_route=%2Fwp%2Fv2%2Fcomments&post=10510"}],"version-history":[{"count":0,"href":"https:\/\/archive.sana.sy\/es\/index.php?rest_route=\/wp\/v2\/posts\/10510\/revisions"}],"wp:featuredmedia":[{"embeddable":true,"href":"https:\/\/archive.sana.sy\/es\/index.php?rest_route=\/wp\/v2\/media\/10513"}],"wp:attachment":[{"href":"https:\/\/archive.sana.sy\/es\/index.php?rest_route=%2Fwp%2Fv2%2Fmedia&parent=10510"}],"wp:term":[{"taxonomy":"category","embeddable":true,"href":"https:\/\/archive.sana.sy\/es\/index.php?rest_route=%2Fwp%2Fv2%2Fcategories&post=10510"},{"taxonomy":"post_tag","embeddable":true,"href":"https:\/\/archive.sana.sy\/es\/index.php?rest_route=%2Fwp%2Fv2%2Ftags&post=10510"}],"curies":[{"name":"wp","href":"https:\/\/api.w.org\/{rel}","templated":true}]}}