{"id":105118,"date":"2019-04-19T17:51:46","date_gmt":"2019-04-19T14:51:46","guid":{"rendered":"https:\/\/www.sana.sy\/es\/?p=105118"},"modified":"2023-01-10T15:15:49","modified_gmt":"2023-01-10T13:15:49","slug":"500-empresas-en-la-segunda-edicion-de-la-feria-internacional-de-alepo","status":"publish","type":"post","link":"https:\/\/archive.sana.sy\/es\/?p=105118","title":{"rendered":"500 empresas en la segunda edici\u00f3n de la Feria Internacional de Alepo"},"content":{"rendered":"<p><span style=\"color: #800000;\">Alepo-SANA<\/span><\/p>\n<p style=\"text-align: justify;\">La segunda edici\u00f3n de la Exposici\u00f3n Internacional de Alepo se llevar\u00e1 a cabo el s\u00e1bado en la ciudad deportiva de Hamdaniyah, con la participaci\u00f3n de unas 500 empresas de diversos sectores industriales, comerciales y de servicios.<\/p>\n<p style=\"text-align: justify;\">Mustafa Nizam, gerente comercial de la compa\u00f1\u00eda \u201cNizam\u201d, organizadora de la exposici\u00f3n en colaboraci\u00f3n con la empresa de telecomunicaciones \u201cSyriatel\u201d, dijo a SANA que el objetivo de la Exposici\u00f3n Internacional de Alepo es promover las industrias y productos sirios a nivel nacional e internacional y alentar uso del producto sirio, adem\u00e1s de apoyar a los pa\u00edses Inversores y empresarios directamente en las industrias sirias y dar paso a empresas e instituciones nacionales para compartir experiencias.<\/p>\n<p style=\"text-align: justify;\">Nizam se\u00f1al\u00f3 que el \u00e1rea asignada para la exposici\u00f3n es de 4.000 metros cuadrados.<\/p>\n<p style=\"text-align: justify;\">Adem\u00e1s de la participaci\u00f3n del gobierno y los sectores privados, hay participaci\u00f3n de pa\u00edses \u00e1rabes y extranjeros, entre ellos China, Indonesia, Venezuela, Sud\u00e1frica, Filipinas, Serbia, Armenia, Palestina y Yemen.<\/p>\n<p><span style=\"color: #0000ff;\">Ammar H.\/ Riad Sh.\u00a0<\/span><\/p>\n","protected":false},"excerpt":{"rendered":"<p>Alepo-SANA La segunda edici\u00f3n de la Exposici\u00f3n Internacional de Alepo se llevar\u00e1 a cabo el s\u00e1bado en la ciudad deportiva de Hamdaniyah, con la participaci\u00f3n de unas 500 empresas de diversos sectores industriales, comerciales y de servicios. Mustafa Nizam, gerente comercial de la compa\u00f1\u00eda \u201cNizam\u201d, organizadora de la exposici\u00f3n en colaboraci\u00f3n con la empresa de &hellip;<\/p>\n","protected":false},"author":31,"featured_media":105116,"comment_status":"closed","ping_status":"closed","sticky":false,"template":"","format":"standard","meta":{"footnotes":""},"categories":[597,485,7541],"tags":[15080],"class_list":["post-105118","post","type-post","status-publish","format-standard","has-post-thumbnail","","category-cinta-de-noticias","category-informes-negocios-y-finanzas","category-ultimas-noticias","tag-500-empresas-en-la-segunda-edicion-de-la-feria-internacional-de-alepo"],"_links":{"self":[{"href":"https:\/\/archive.sana.sy\/es\/index.php?rest_route=\/wp\/v2\/posts\/105118"}],"collection":[{"href":"https:\/\/archive.sana.sy\/es\/index.php?rest_route=\/wp\/v2\/posts"}],"about":[{"href":"https:\/\/archive.sana.sy\/es\/index.php?rest_route=\/wp\/v2\/types\/post"}],"author":[{"embeddable":true,"href":"https:\/\/archive.sana.sy\/es\/index.php?rest_route=\/wp\/v2\/users\/31"}],"replies":[{"embeddable":true,"href":"https:\/\/archive.sana.sy\/es\/index.php?rest_route=%2Fwp%2Fv2%2Fcomments&post=105118"}],"version-history":[{"count":0,"href":"https:\/\/archive.sana.sy\/es\/index.php?rest_route=\/wp\/v2\/posts\/105118\/revisions"}],"wp:featuredmedia":[{"embeddable":true,"href":"https:\/\/archive.sana.sy\/es\/index.php?rest_route=\/wp\/v2\/media\/105116"}],"wp:attachment":[{"href":"https:\/\/archive.sana.sy\/es\/index.php?rest_route=%2Fwp%2Fv2%2Fmedia&parent=105118"}],"wp:term":[{"taxonomy":"category","embeddable":true,"href":"https:\/\/archive.sana.sy\/es\/index.php?rest_route=%2Fwp%2Fv2%2Fcategories&post=105118"},{"taxonomy":"post_tag","embeddable":true,"href":"https:\/\/archive.sana.sy\/es\/index.php?rest_route=%2Fwp%2Fv2%2Ftags&post=105118"}],"curies":[{"name":"wp","href":"https:\/\/api.w.org\/{rel}","templated":true}]}}