{"id":105130,"date":"2019-04-19T19:13:36","date_gmt":"2019-04-19T16:13:36","guid":{"rendered":"https:\/\/sana.sy\/es\/?p=105130"},"modified":"2019-08-21T22:11:22","modified_gmt":"2019-08-21T19:11:22","slug":"el-presidente-al-assad-le-afirma-a-laverntiev-la-necesidad-de-vencer-las-trabas-que-impiden-el-cumplimiento-de-lo-acordado-sobre-idleb","status":"publish","type":"post","link":"https:\/\/archive.sana.sy\/es\/?p=105130","title":{"rendered":"El presidente al-Assad le afirma a Laverntiev la necesidad de vencer las trabas que impiden el cumplimiento de lo acordado sobre Idleb"},"content":{"rendered":"<p><span style=\"color: #800000;\">Damasco, SANA<\/span><\/p>\n<p style=\"text-align: justify;\">El presidente Bashar al-Assad recibi\u00f3 a Alexander Lavrentiev, enviado especial del presidente ruso Vladimir Putin, y al vicecanciller ruso, Serguei Vershinin, y a la delegaci\u00f3n acompa\u00f1ante.<\/p>\n<p style=\"text-align: justify;\">El encuentro abord\u00f3 los expedientes incluidos en la agenda de la pr\u00f3xima ronda de las conversaciones de Astana, a lo cual el presidente al-Assad y Lavrentiev afirmaron la necesidad de la coordinaci\u00f3n continua entre ambas partes sobre las cuestiones planteadas para salir con resultados positivos que satisfagan los anhelos del pueblo sirio, en primer lugar la eliminaci\u00f3n del terrorismo y la recuperaci\u00f3n de la seguridad y la estabilidad en todo el territorio sirio.<\/p>\n<p style=\"text-align: justify;\">El presidente al-Assad destac\u00f3 la necesidad de tratar en esta ronda de vencer los obst\u00e1culos que impiden la ejecuci\u00f3n de lo acordado con anterioridad sobre la zona de Idleb, el cual se centra en acabar con las agrupaciones terroristas que agreden a los civiles en las zonas vecinas.<\/p>\n<p style=\"text-align: justify;\">Por su parte, Lavrentiev expres\u00f3 su fe en el \u00e9xito de las conversaciones de Astana, tanto en lo referente a la derrota del terrorismo o en el plano pol\u00edtico y la Comisi\u00f3n Constitucional, o en lo referente a esclarecer la suerte de los desaparecidos o refugiados, para contribuir a poner fin a la guerra en Siria y el retorno de los sirios a sus zonas y reconstruir lo destruido por el terrorismo.<\/p>\n<p><span style=\"color: #0000ff;\">Riad Sh.\/ R. Rashed\u00a0<\/span><\/p>\n","protected":false},"excerpt":{"rendered":"<p>Damasco, SANA El presidente Bashar al-Assad recibi\u00f3 a Alexander Lavrentiev, enviado especial del presidente ruso Vladimir Putin, y al vicecanciller ruso, Serguei Vershinin, y a la delegaci\u00f3n acompa\u00f1ante. El encuentro abord\u00f3 los expedientes incluidos en la agenda de la pr\u00f3xima ronda de las conversaciones de Astana, a lo cual el presidente al-Assad y Lavrentiev afirmaron &hellip;<\/p>\n","protected":false},"author":31,"featured_media":105122,"comment_status":"closed","ping_status":"closed","sticky":false,"template":"","format":"standard","meta":{"footnotes":""},"categories":[597,16237,583,626],"tags":[15081],"class_list":["post-105130","post","type-post","status-publish","format-standard","has-post-thumbnail","","category-cinta-de-noticias","category-presidence-de-la-republique-arabe-syria","category-slide","category-sr-presidente","tag-el-presidente-al-assad-le-afirma-a-laverntiev-la-necesidad-de-vencer-las-trabas-que-impiden-el-cumplimiento-de-lo-acordado-sobre-idleb"],"_links":{"self":[{"href":"https:\/\/archive.sana.sy\/es\/index.php?rest_route=\/wp\/v2\/posts\/105130"}],"collection":[{"href":"https:\/\/archive.sana.sy\/es\/index.php?rest_route=\/wp\/v2\/posts"}],"about":[{"href":"https:\/\/archive.sana.sy\/es\/index.php?rest_route=\/wp\/v2\/types\/post"}],"author":[{"embeddable":true,"href":"https:\/\/archive.sana.sy\/es\/index.php?rest_route=\/wp\/v2\/users\/31"}],"replies":[{"embeddable":true,"href":"https:\/\/archive.sana.sy\/es\/index.php?rest_route=%2Fwp%2Fv2%2Fcomments&post=105130"}],"version-history":[{"count":0,"href":"https:\/\/archive.sana.sy\/es\/index.php?rest_route=\/wp\/v2\/posts\/105130\/revisions"}],"wp:featuredmedia":[{"embeddable":true,"href":"https:\/\/archive.sana.sy\/es\/index.php?rest_route=\/wp\/v2\/media\/105122"}],"wp:attachment":[{"href":"https:\/\/archive.sana.sy\/es\/index.php?rest_route=%2Fwp%2Fv2%2Fmedia&parent=105130"}],"wp:term":[{"taxonomy":"category","embeddable":true,"href":"https:\/\/archive.sana.sy\/es\/index.php?rest_route=%2Fwp%2Fv2%2Fcategories&post=105130"},{"taxonomy":"post_tag","embeddable":true,"href":"https:\/\/archive.sana.sy\/es\/index.php?rest_route=%2Fwp%2Fv2%2Ftags&post=105130"}],"curies":[{"name":"wp","href":"https:\/\/api.w.org\/{rel}","templated":true}]}}