{"id":105135,"date":"2019-04-19T22:20:15","date_gmt":"2019-04-19T19:20:15","guid":{"rendered":"https:\/\/www.sana.sy\/es\/?p=105135"},"modified":"2019-04-19T22:20:15","modified_gmt":"2019-04-19T19:20:15","slug":"ejercito-sirio-bombardea-posiciones-de-terroristas-del-frente-de-al-nousra-en-el-campo-sureste-de-idleb","status":"publish","type":"post","link":"https:\/\/archive.sana.sy\/es\/?p=105135","title":{"rendered":"Ej\u00e9rcito sirio bombardea posiciones de terroristas del Frente de al Nousra en el campo sureste de Idleb"},"content":{"rendered":"<p><span style=\"color: #800000;\">Idleb, SANA<\/span><\/p>\n<p style=\"text-align: justify;\">El Ej\u00e9rcito sirio bombarde\u00f3 esta tarde posiciones de la organizaci\u00f3n terrorista del Frente de al Nousra en respuesta a las repetidas violaciones cometidas por la misma contra el acuerdo de la zona de distenci\u00f3n en el campo de Idleb.<\/p>\n<p style=\"text-align: justify;\">En este contexto, el reportero de SANA inform\u00f3 que la artiller\u00eda del Ej\u00e9rcito asest\u00f3 golpes contra posiciones de terroristas de al Nousra en las localidades de Yarnyanaz, Talmans, Tahtaya, y Um Yalal en el campo sureste de Idleb.<\/p>\n<p style=\"text-align: justify;\">Agreg\u00f3 que el Ej\u00e9rcito logr\u00f3 abatir a numerosos terroristas y destruirles sedes y veh\u00edculos.<\/p>\n<p><span style=\"color: #0000ff;\">Lynn A.\/ R. Rashed\u00a0<\/span><\/p>\n","protected":false},"excerpt":{"rendered":"<p>Idleb, SANA El Ej\u00e9rcito sirio bombarde\u00f3 esta tarde posiciones de la organizaci\u00f3n terrorista del Frente de al Nousra en respuesta a las repetidas violaciones cometidas por la misma contra el acuerdo de la zona de distenci\u00f3n en el campo de Idleb. En este contexto, el reportero de SANA inform\u00f3 que la artiller\u00eda del Ej\u00e9rcito asest\u00f3 &hellip;<\/p>\n","protected":false},"author":31,"featured_media":105136,"comment_status":"closed","ping_status":"closed","sticky":false,"template":"","format":"standard","meta":{"footnotes":""},"categories":[597,573,7541],"tags":[15083],"class_list":["post-105135","post","type-post","status-publish","format-standard","has-post-thumbnail","","category-cinta-de-noticias","category-la-realidad-de-los-acontecimientos-en-siria","category-ultimas-noticias","tag-ejercito-sirio-bombardea-posiciones-de-terroristas-del-frente-de-al-nousra-en-el-campo-sureste-de-idleb"],"_links":{"self":[{"href":"https:\/\/archive.sana.sy\/es\/index.php?rest_route=\/wp\/v2\/posts\/105135"}],"collection":[{"href":"https:\/\/archive.sana.sy\/es\/index.php?rest_route=\/wp\/v2\/posts"}],"about":[{"href":"https:\/\/archive.sana.sy\/es\/index.php?rest_route=\/wp\/v2\/types\/post"}],"author":[{"embeddable":true,"href":"https:\/\/archive.sana.sy\/es\/index.php?rest_route=\/wp\/v2\/users\/31"}],"replies":[{"embeddable":true,"href":"https:\/\/archive.sana.sy\/es\/index.php?rest_route=%2Fwp%2Fv2%2Fcomments&post=105135"}],"version-history":[{"count":0,"href":"https:\/\/archive.sana.sy\/es\/index.php?rest_route=\/wp\/v2\/posts\/105135\/revisions"}],"wp:featuredmedia":[{"embeddable":true,"href":"https:\/\/archive.sana.sy\/es\/index.php?rest_route=\/wp\/v2\/media\/105136"}],"wp:attachment":[{"href":"https:\/\/archive.sana.sy\/es\/index.php?rest_route=%2Fwp%2Fv2%2Fmedia&parent=105135"}],"wp:term":[{"taxonomy":"category","embeddable":true,"href":"https:\/\/archive.sana.sy\/es\/index.php?rest_route=%2Fwp%2Fv2%2Fcategories&post=105135"},{"taxonomy":"post_tag","embeddable":true,"href":"https:\/\/archive.sana.sy\/es\/index.php?rest_route=%2Fwp%2Fv2%2Ftags&post=105135"}],"curies":[{"name":"wp","href":"https:\/\/api.w.org\/{rel}","templated":true}]}}