{"id":105138,"date":"2019-04-19T23:09:51","date_gmt":"2019-04-19T20:09:51","guid":{"rendered":"https:\/\/www.sana.sy\/es\/?p=105138"},"modified":"2023-01-10T15:15:49","modified_gmt":"2023-01-10T13:15:49","slug":"ministro-de-economia-sirio-sostiene-una-serie-de-encuentros-al-margen-del-foro-internacional-de-yalta","status":"publish","type":"post","link":"https:\/\/archive.sana.sy\/es\/?p=105138","title":{"rendered":"Ministro de Econom\u00eda sirio sostiene una serie de encuentros al margen del Foro Internacional de Yalta"},"content":{"rendered":"<p><span style=\"color: #800000;\">Yalta, SANA<\/span><\/p>\n<p style=\"text-align: justify;\">Al margen del Foro Econ\u00f3mico Internacional de Yalta, una delegaci\u00f3n siria, presidida por el ministro de Econom\u00eda y Comercio Exterior, examin\u00f3 con el presidente de Osetia del Sur, Anatoli Bib\u00edlov, las v\u00edas de consolidar las relaciones binacionales en materia econ\u00f3mica.<\/p>\n<p style=\"text-align: justify;\">En declaraciones concedidas este viernes al corresponsal de SANA en Yalta, el titular de Econom\u00eda se\u00f1al\u00f3 que la delegaci\u00f3n siria abord\u00f3 con el Canciller y el Ministro del Desarrollo Econ\u00f3mico de la Rep\u00fablica de Abjasia las etapas de ejecuci\u00f3n de los acuerdos firmados entre Siria, Osetia del Sur y Abjasia.<\/p>\n<p style=\"text-align: justify;\">Agreg\u00f3 que la delegaci\u00f3n siria sostuvo tambi\u00e9n encuentros similares con los representantes de la C\u00e1mara de Comercio de la Rep\u00fablica Checa, y con varios empresarios de diferentes pa\u00edses.<\/p>\n<p style=\"text-align: justify;\">Inform\u00f3 que otra reuni\u00f3n ser\u00e1 celebrada m\u00e1s tarde con el l\u00edder de la Rep\u00fablica de Crimea, Sergei Aksyonov.<\/p>\n<p style=\"text-align: justify;\">Cabe destacar que el canciller abjasio, Daur Vadimovich Kove, anunci\u00f3 tras su encuentro con el Ministro de Econom\u00eda sirio, que su pa\u00eds y Siria mantienen continuos encuentros de consulta en medio de ambientes amistosos.<\/p>\n<p style=\"text-align: justify;\">La quinta edici\u00f3n del Foro Econ\u00f3mico Internacional de Yalta fue inaugurada ayer en Crimea, el cual cuenta con la asistencia de 89, entre ellos Siria.<\/p>\n<p><span style=\"color: #0000ff;\">Lynn A.\/ R. Rashed\u00a0<\/span><\/p>\n","protected":false},"excerpt":{"rendered":"<p>Yalta, SANA Al margen del Foro Econ\u00f3mico Internacional de Yalta, una delegaci\u00f3n siria, presidida por el ministro de Econom\u00eda y Comercio Exterior, examin\u00f3 con el presidente de Osetia del Sur, Anatoli Bib\u00edlov, las v\u00edas de consolidar las relaciones binacionales en materia econ\u00f3mica. En declaraciones concedidas este viernes al corresponsal de SANA en Yalta, el titular &hellip;<\/p>\n","protected":false},"author":31,"featured_media":105143,"comment_status":"closed","ping_status":"closed","sticky":false,"template":"","format":"standard","meta":{"footnotes":""},"categories":[597,485],"tags":[15085],"class_list":["post-105138","post","type-post","status-publish","format-standard","has-post-thumbnail","","category-cinta-de-noticias","category-informes-negocios-y-finanzas","tag-ministro-de-economia-sirio-sostiene-una-serie-de-encuentros-al-margen-del-foro-internacional-de-yalta"],"_links":{"self":[{"href":"https:\/\/archive.sana.sy\/es\/index.php?rest_route=\/wp\/v2\/posts\/105138"}],"collection":[{"href":"https:\/\/archive.sana.sy\/es\/index.php?rest_route=\/wp\/v2\/posts"}],"about":[{"href":"https:\/\/archive.sana.sy\/es\/index.php?rest_route=\/wp\/v2\/types\/post"}],"author":[{"embeddable":true,"href":"https:\/\/archive.sana.sy\/es\/index.php?rest_route=\/wp\/v2\/users\/31"}],"replies":[{"embeddable":true,"href":"https:\/\/archive.sana.sy\/es\/index.php?rest_route=%2Fwp%2Fv2%2Fcomments&post=105138"}],"version-history":[{"count":0,"href":"https:\/\/archive.sana.sy\/es\/index.php?rest_route=\/wp\/v2\/posts\/105138\/revisions"}],"wp:featuredmedia":[{"embeddable":true,"href":"https:\/\/archive.sana.sy\/es\/index.php?rest_route=\/wp\/v2\/media\/105143"}],"wp:attachment":[{"href":"https:\/\/archive.sana.sy\/es\/index.php?rest_route=%2Fwp%2Fv2%2Fmedia&parent=105138"}],"wp:term":[{"taxonomy":"category","embeddable":true,"href":"https:\/\/archive.sana.sy\/es\/index.php?rest_route=%2Fwp%2Fv2%2Fcategories&post=105138"},{"taxonomy":"post_tag","embeddable":true,"href":"https:\/\/archive.sana.sy\/es\/index.php?rest_route=%2Fwp%2Fv2%2Ftags&post=105138"}],"curies":[{"name":"wp","href":"https:\/\/api.w.org\/{rel}","templated":true}]}}