{"id":10519,"date":"2014-10-04T23:42:50","date_gmt":"2014-10-04T20:42:50","guid":{"rendered":"http:\/\/sanasyria.org\/es\/?p=10519"},"modified":"2023-01-09T14:10:31","modified_gmt":"2023-01-09T12:10:31","slug":"ministro-de-awkaf-intentaron-matar-la-infancia-para-matar-a-siria-pero-sera-dificil-para-ser-extinguida-a-manos-de-unos-delincuentes","status":"publish","type":"post","link":"https:\/\/archive.sana.sy\/es\/?p=10519","title":{"rendered":"Ministro de Awkaf: \u201cIntentaron matar la infancia para matar a Siria, pero ser\u00e1 dif\u00edcil para ser extinguida a manos de unos delincuentes\u201d"},"content":{"rendered":"<p style=\"text-align: justify\"><span style=\"color: #800000\">Homs, SANA<\/span><\/p>\n<p style=\"text-align: justify\">El Ministro de Awkaf, Dr. Muhammad Abdul Sattar Assayed, ha inspeccionado hoy el sitio de los atentados terroristas en el complejo escolar en el barrio Akrama en Homs, acompa\u00f1ado por una delegaci\u00f3n de ulemas isl\u00e1micos en Damasco y su campo y el jefe de la Uni\u00f3n de Ulemas del Levante, Dr. Mohamed Tawfik Ramadan Al-Bouti, y el Muft\u00ed de Damasco campo, el jeque Adnan Al-Afiuny, y el Muft\u00ed de Damasco Jeque Bashir Eid Al-Bary y el gobernador de Homs, Talal Al-Barazi.<\/p>\n<p style=\"text-align: justify\">Todos estuvieron al tanto de los efectos de la destrucci\u00f3n y la devastaci\u00f3n dejada por el acto criminal, luego escucharon una explicaci\u00f3n detallada de los planes para rehabilitar y renovar las escuelas y proporcionar el ambiente psicol\u00f3gico y moral necesario para los estudiantes para que puedan seguir sus carreras educativas con toda fuerza y determinaci\u00f3n, as\u00ed como visitaron a los heridos del doble atentado terrorista en varios hospitales de la Provincia.<\/p>\n<p style=\"text-align: justify\">El Ministro ofreci\u00f3 las condolencias a un n\u00famero de las familias de los ni\u00f1os m\u00e1rtires, los que han expresado su condena al pensamiento criminal terrorista que portan los takfiristas.<\/p>\n<p style=\"text-align: justify\">\u201cLos enemigos de la patria con este cobarde acto terrorista han dado los peores ejemplos de la barbarie que quedar\u00e1n grabados en las p\u00e1ginas negras de la historia, ello expresa tambi\u00e9n la magnitud del sufrimiento de nuestro pueblo por culpa del terrorismo nutrido con dinero, armas y mercenarios\u201d, dijo Dr. Bouti.<\/p>\n<p style=\"text-align: justify\"><a href=\"http:\/\/sanasyria.org\/es\/wp-content\/uploads\/2014\/10\/15.jpg\"><img loading=\"lazy\" decoding=\"async\" class=\"alignnone size-full wp-image-10520\" src=\"http:\/\/sanasyria.org\/es\/wp-content\/uploads\/2014\/10\/15.jpg\" alt=\"1\" width=\"300\" height=\"199\" srcset=\"https:\/\/archive.sana.sy\/es\/wp-content\/uploads\/2014\/10\/15.jpg 300w, https:\/\/archive.sana.sy\/es\/wp-content\/uploads\/2014\/10\/15-150x99.jpg 150w\" sizes=\"(max-width: 300px) 100vw, 300px\" \/><\/a>\u00a0<a href=\"http:\/\/sanasyria.org\/es\/wp-content\/uploads\/2014\/10\/24.jpg\"><img loading=\"lazy\" decoding=\"async\" class=\"alignnone size-full wp-image-10521\" src=\"http:\/\/sanasyria.org\/es\/wp-content\/uploads\/2014\/10\/24.jpg\" alt=\"2\" width=\"300\" height=\"199\" srcset=\"https:\/\/archive.sana.sy\/es\/wp-content\/uploads\/2014\/10\/24.jpg 300w, https:\/\/archive.sana.sy\/es\/wp-content\/uploads\/2014\/10\/24-150x99.jpg 150w\" sizes=\"(max-width: 300px) 100vw, 300px\" \/><\/a><\/p>\n<p style=\"text-align: justify\"><span style=\"color: #0000ff\">Ghifar Al., Riyad Sh.<\/span><\/p>\n","protected":false},"excerpt":{"rendered":"<p>Homs, SANA El Ministro de Awkaf, Dr. Muhammad Abdul Sattar Assayed, ha inspeccionado hoy el sitio de los atentados terroristas en el complejo escolar en el barrio Akrama en Homs, acompa\u00f1ado por una delegaci\u00f3n de ulemas isl\u00e1micos en Damasco y su campo y el jefe de la Uni\u00f3n de Ulemas del Levante, Dr. Mohamed Tawfik &hellip;<\/p>\n","protected":false},"author":1,"featured_media":10522,"comment_status":"closed","ping_status":"closed","sticky":false,"template":"","format":"standard","meta":{"footnotes":""},"categories":[477,597,476],"tags":[2342,2343],"class_list":["post-10519","post","type-post","status-publish","format-standard","has-post-thumbnail","","category-noticias-edulcorantes","category-cinta-de-noticias","category-locales","tag-ministro-de-awkaf-intentaron-matar-la-infancia-para-matar-a-siria","tag-pero-sera-dificil-para-ser-extinguida-a-manos-de-unos-delincuentes"],"_links":{"self":[{"href":"https:\/\/archive.sana.sy\/es\/index.php?rest_route=\/wp\/v2\/posts\/10519"}],"collection":[{"href":"https:\/\/archive.sana.sy\/es\/index.php?rest_route=\/wp\/v2\/posts"}],"about":[{"href":"https:\/\/archive.sana.sy\/es\/index.php?rest_route=\/wp\/v2\/types\/post"}],"author":[{"embeddable":true,"href":"https:\/\/archive.sana.sy\/es\/index.php?rest_route=\/wp\/v2\/users\/1"}],"replies":[{"embeddable":true,"href":"https:\/\/archive.sana.sy\/es\/index.php?rest_route=%2Fwp%2Fv2%2Fcomments&post=10519"}],"version-history":[{"count":0,"href":"https:\/\/archive.sana.sy\/es\/index.php?rest_route=\/wp\/v2\/posts\/10519\/revisions"}],"wp:featuredmedia":[{"embeddable":true,"href":"https:\/\/archive.sana.sy\/es\/index.php?rest_route=\/wp\/v2\/media\/10522"}],"wp:attachment":[{"href":"https:\/\/archive.sana.sy\/es\/index.php?rest_route=%2Fwp%2Fv2%2Fmedia&parent=10519"}],"wp:term":[{"taxonomy":"category","embeddable":true,"href":"https:\/\/archive.sana.sy\/es\/index.php?rest_route=%2Fwp%2Fv2%2Fcategories&post=10519"},{"taxonomy":"post_tag","embeddable":true,"href":"https:\/\/archive.sana.sy\/es\/index.php?rest_route=%2Fwp%2Fv2%2Ftags&post=10519"}],"curies":[{"name":"wp","href":"https:\/\/api.w.org\/{rel}","templated":true}]}}