{"id":10524,"date":"2014-10-04T23:44:53","date_gmt":"2014-10-04T20:44:53","guid":{"rendered":"http:\/\/sanasyria.org\/es\/?p=10524"},"modified":"2014-10-04T23:44:53","modified_gmt":"2014-10-04T20:44:53","slug":"ministro-de-electricidad-recorre-la-ciudad-de-adra-umalyah","status":"publish","type":"post","link":"https:\/\/archive.sana.sy\/es\/?p=10524","title":{"rendered":"Ministro de Electricidad recorre la ciudad de Adra Umalyah"},"content":{"rendered":"<p style=\"text-align: justify\"><span style=\"color: #800000\">Damasco, SANA<\/span><\/p>\n<p style=\"text-align: justify\">El Ministro de Electricidad, Imad Khamis, recorri\u00f3 el s\u00e1bado la Ciudad de Adra Al-Umalyah para inspeccionar los trabajos de reparaci\u00f3n de la red de energ\u00eda all\u00ed.<\/p>\n<p style=\"text-align: justify\">El ministro, acompa\u00f1ado por el gobernador de Damasco, Hussein Makhlouf, y el Secretario de la Sucursal del partido Al- Baath en Damasco, Mohammad Bkheit, dijo que la red el\u00e9ctrica ha sido reparada en 10 de los 11 bloques de la ciudad, y agreg\u00f3 que los equipos de reparaci\u00f3n est\u00e1n disponibles en la zona para asegurar que la electricidad sea restaurada.<\/p>\n<p style=\"text-align: justify\"><span style=\"color: #0000ff\">Ghifar Al., Riyad Sh.<\/span><\/p>\n","protected":false},"excerpt":{"rendered":"<p>Damasco, SANA El Ministro de Electricidad, Imad Khamis, recorri\u00f3 el s\u00e1bado la Ciudad de Adra Al-Umalyah para inspeccionar los trabajos de reparaci\u00f3n de la red de energ\u00eda all\u00ed. El ministro, acompa\u00f1ado por el gobernador de Damasco, Hussein Makhlouf, y el Secretario de la Sucursal del partido Al- Baath en Damasco, Mohammad Bkheit, dijo que la &hellip;<\/p>\n","protected":false},"author":1,"featured_media":10525,"comment_status":"closed","ping_status":"closed","sticky":false,"template":"","format":"standard","meta":{"footnotes":""},"categories":[477,597,476],"tags":[2344],"class_list":["post-10524","post","type-post","status-publish","format-standard","has-post-thumbnail","","category-noticias-edulcorantes","category-cinta-de-noticias","category-locales","tag-ministro-de-electricidad-recorre-la-ciudad-de-adra-umalyah"],"_links":{"self":[{"href":"https:\/\/archive.sana.sy\/es\/index.php?rest_route=\/wp\/v2\/posts\/10524"}],"collection":[{"href":"https:\/\/archive.sana.sy\/es\/index.php?rest_route=\/wp\/v2\/posts"}],"about":[{"href":"https:\/\/archive.sana.sy\/es\/index.php?rest_route=\/wp\/v2\/types\/post"}],"author":[{"embeddable":true,"href":"https:\/\/archive.sana.sy\/es\/index.php?rest_route=\/wp\/v2\/users\/1"}],"replies":[{"embeddable":true,"href":"https:\/\/archive.sana.sy\/es\/index.php?rest_route=%2Fwp%2Fv2%2Fcomments&post=10524"}],"version-history":[{"count":0,"href":"https:\/\/archive.sana.sy\/es\/index.php?rest_route=\/wp\/v2\/posts\/10524\/revisions"}],"wp:featuredmedia":[{"embeddable":true,"href":"https:\/\/archive.sana.sy\/es\/index.php?rest_route=\/wp\/v2\/media\/10525"}],"wp:attachment":[{"href":"https:\/\/archive.sana.sy\/es\/index.php?rest_route=%2Fwp%2Fv2%2Fmedia&parent=10524"}],"wp:term":[{"taxonomy":"category","embeddable":true,"href":"https:\/\/archive.sana.sy\/es\/index.php?rest_route=%2Fwp%2Fv2%2Fcategories&post=10524"},{"taxonomy":"post_tag","embeddable":true,"href":"https:\/\/archive.sana.sy\/es\/index.php?rest_route=%2Fwp%2Fv2%2Ftags&post=10524"}],"curies":[{"name":"wp","href":"https:\/\/api.w.org\/{rel}","templated":true}]}}