{"id":10530,"date":"2014-10-04T23:51:47","date_gmt":"2014-10-04T20:51:47","guid":{"rendered":"http:\/\/sanasyria.org\/es\/?p=10530"},"modified":"2014-10-05T20:26:54","modified_gmt":"2014-10-05T17:26:54","slug":"lesionados-dos-ciudadanos-en-un-atentado-terrorista-contra-abu-remaneh","status":"publish","type":"post","link":"https:\/\/archive.sana.sy\/es\/?p=10530","title":{"rendered":"Lesionados dos ciudadanos en un atentado terrorista contra Abu Remaneh"},"content":{"rendered":"<p style=\"text-align: justify\"><span style=\"color: #800000\">Damasco, SANA<\/span><\/p>\n<p style=\"text-align: justify\">Dos ciudadanos resultaron heridos a causa de un atentado terrorista por obuses de morteros lanzados por terroristas contra el barrio capitalino Abu Remaneh.<\/p>\n<p style=\"text-align: justify\">Una fuente en el mando de polic\u00eda le confirm\u00f3 a la reportera de SANA que un proyectil cay\u00f3 en la azotea del Hotel Dama Rose y otro cay\u00f3 en jard\u00edn del este hotel lo que produjo la herida de dos civiles adem\u00e1s de causar da\u00f1os materiales en el noveno piso del hotel y varios veh\u00edculos.<\/p>\n<p style=\"text-align: justify\"><span style=\"color: #0000ff\">Ghifar Al.<\/span><\/p>\n","protected":false},"excerpt":{"rendered":"<p>Damasco, SANA Dos ciudadanos resultaron heridos a causa de un atentado terrorista por obuses de morteros lanzados por terroristas contra el barrio capitalino Abu Remaneh. Una fuente en el mando de polic\u00eda le confirm\u00f3 a la reportera de SANA que un proyectil cay\u00f3 en la azotea del Hotel Dama Rose y otro cay\u00f3 en jard\u00edn &hellip;<\/p>\n","protected":false},"author":1,"featured_media":10531,"comment_status":"closed","ping_status":"closed","sticky":false,"template":"","format":"standard","meta":{"footnotes":""},"categories":[597,573,476],"tags":[2346],"class_list":["post-10530","post","type-post","status-publish","format-standard","has-post-thumbnail","","category-cinta-de-noticias","category-la-realidad-de-los-acontecimientos-en-siria","category-locales","tag-lesionados-dos-ciudadanos-en-un-atentado-terrorista-contra-abu-remaneh"],"_links":{"self":[{"href":"https:\/\/archive.sana.sy\/es\/index.php?rest_route=\/wp\/v2\/posts\/10530"}],"collection":[{"href":"https:\/\/archive.sana.sy\/es\/index.php?rest_route=\/wp\/v2\/posts"}],"about":[{"href":"https:\/\/archive.sana.sy\/es\/index.php?rest_route=\/wp\/v2\/types\/post"}],"author":[{"embeddable":true,"href":"https:\/\/archive.sana.sy\/es\/index.php?rest_route=\/wp\/v2\/users\/1"}],"replies":[{"embeddable":true,"href":"https:\/\/archive.sana.sy\/es\/index.php?rest_route=%2Fwp%2Fv2%2Fcomments&post=10530"}],"version-history":[{"count":0,"href":"https:\/\/archive.sana.sy\/es\/index.php?rest_route=\/wp\/v2\/posts\/10530\/revisions"}],"wp:featuredmedia":[{"embeddable":true,"href":"https:\/\/archive.sana.sy\/es\/index.php?rest_route=\/wp\/v2\/media\/10531"}],"wp:attachment":[{"href":"https:\/\/archive.sana.sy\/es\/index.php?rest_route=%2Fwp%2Fv2%2Fmedia&parent=10530"}],"wp:term":[{"taxonomy":"category","embeddable":true,"href":"https:\/\/archive.sana.sy\/es\/index.php?rest_route=%2Fwp%2Fv2%2Fcategories&post=10530"},{"taxonomy":"post_tag","embeddable":true,"href":"https:\/\/archive.sana.sy\/es\/index.php?rest_route=%2Fwp%2Fv2%2Ftags&post=10530"}],"curies":[{"name":"wp","href":"https:\/\/api.w.org\/{rel}","templated":true}]}}