{"id":10533,"date":"2014-10-05T13:28:34","date_gmt":"2014-10-05T10:28:34","guid":{"rendered":"http:\/\/sanasyria.org\/es\/?p=10533"},"modified":"2014-10-05T13:45:29","modified_gmt":"2014-10-05T10:45:29","slug":"una-nina-resulta-herida-tras-ataque-con-mortero-contra-un-barrio-en-damasco","status":"publish","type":"post","link":"https:\/\/archive.sana.sy\/es\/?p=10533","title":{"rendered":"Dos heridos tras ataques con mortero contra Damasco y su suburbio"},"content":{"rendered":"<p><span style=\"color: #ff0000\">Damasco, SANA<\/span><\/p>\n<p>Una ni\u00f1a result\u00f3 herida tras un ataque con mortero lanzado por terroristas contra el barrio Barzeh en Damasco.<\/p>\n<p>Una fuente policial inform\u00f3 que terroristas dispararon un proyectil de mortero contra en el Instituto Superior de Administraci\u00f3n de Negocios (HIBA) ubicado en dicho barrio, el cual caus\u00f3 heridas a una ni\u00f1a y da\u00f1os materiales en el lugar del atentado.<\/p>\n<p>Asimismo, cuatro proyectiles de mortero impactaron en los barrios de al-Nahda y al-Yunisiya en la ciudad de Yaramana, dejando un herido, y da\u00f1os materiales en varias casas, veh\u00edculos y en el recinto de la escuela \u201cSaad Nofal\u201d, revel\u00f3 una fuente policial.<\/p>\n<p><span style=\"color: #00ccff\">Hala B., Lynn A.<\/span><\/p>\n","protected":false},"excerpt":{"rendered":"<p>Damasco, SANA Una ni\u00f1a result\u00f3 herida tras un ataque con mortero lanzado por terroristas contra el barrio Barzeh en Damasco. Una fuente policial inform\u00f3 que terroristas dispararon un proyectil de mortero contra en el Instituto Superior de Administraci\u00f3n de Negocios (HIBA) ubicado en dicho barrio, el cual caus\u00f3 heridas a una ni\u00f1a y da\u00f1os materiales &hellip;<\/p>\n","protected":false},"author":1,"featured_media":2914,"comment_status":"closed","ping_status":"closed","sticky":false,"template":"","format":"standard","meta":{"footnotes":""},"categories":[573,476],"tags":[2350],"class_list":["post-10533","post","type-post","status-publish","format-standard","has-post-thumbnail","","category-la-realidad-de-los-acontecimientos-en-siria","category-locales","tag-dos-heridos-tras-ataques-con-mortero-contra-damasco-y-su-suburbio"],"_links":{"self":[{"href":"https:\/\/archive.sana.sy\/es\/index.php?rest_route=\/wp\/v2\/posts\/10533"}],"collection":[{"href":"https:\/\/archive.sana.sy\/es\/index.php?rest_route=\/wp\/v2\/posts"}],"about":[{"href":"https:\/\/archive.sana.sy\/es\/index.php?rest_route=\/wp\/v2\/types\/post"}],"author":[{"embeddable":true,"href":"https:\/\/archive.sana.sy\/es\/index.php?rest_route=\/wp\/v2\/users\/1"}],"replies":[{"embeddable":true,"href":"https:\/\/archive.sana.sy\/es\/index.php?rest_route=%2Fwp%2Fv2%2Fcomments&post=10533"}],"version-history":[{"count":0,"href":"https:\/\/archive.sana.sy\/es\/index.php?rest_route=\/wp\/v2\/posts\/10533\/revisions"}],"wp:featuredmedia":[{"embeddable":true,"href":"https:\/\/archive.sana.sy\/es\/index.php?rest_route=\/wp\/v2\/media\/2914"}],"wp:attachment":[{"href":"https:\/\/archive.sana.sy\/es\/index.php?rest_route=%2Fwp%2Fv2%2Fmedia&parent=10533"}],"wp:term":[{"taxonomy":"category","embeddable":true,"href":"https:\/\/archive.sana.sy\/es\/index.php?rest_route=%2Fwp%2Fv2%2Fcategories&post=10533"},{"taxonomy":"post_tag","embeddable":true,"href":"https:\/\/archive.sana.sy\/es\/index.php?rest_route=%2Fwp%2Fv2%2Ftags&post=10533"}],"curies":[{"name":"wp","href":"https:\/\/api.w.org\/{rel}","templated":true}]}}