{"id":105461,"date":"2019-04-23T15:25:04","date_gmt":"2019-04-23T12:25:04","guid":{"rendered":"https:\/\/sana.sy\/es\/?p=105461"},"modified":"2019-07-31T17:43:05","modified_gmt":"2019-07-31T14:43:05","slug":"el-presidente-al-assad-decreta-crear-la-siria-de-cereales","status":"publish","type":"post","link":"https:\/\/archive.sana.sy\/es\/?p=105461","title":{"rendered":"Presidente al-Assad decreta la creaci\u00f3n de la &#8220;Empresa Siria para Cereales\u201d"},"content":{"rendered":"<p style=\"text-align: justify;\"><span style=\"color: #800000;\">Damasco, SANA<\/span><\/p>\n<p style=\"text-align: justify;\">El presidente Bashar al-Assad, promulg\u00f3 la Ley No. 11 que estipula la creaci\u00f3n de una empresa p\u00fablica de car\u00e1cter econ\u00f3mico con el nombre de la Empresa Estatal de Comercializaci\u00f3n, Almacenamiento y Procesamiento de Cereales (Empresa Siria para Cereales\u201d.<\/p>\n<p style=\"text-align: justify;\">La nueva instituci\u00f3n gozar\u00e1 de una personalidad aut\u00f3noma jur\u00eddica, administrativa y financieramente.<\/p>\n<p style=\"text-align: justify;\">Seg\u00fan la ley, la sede de la nueva empresa ser\u00e1 la ciudad de Hassakeh, capital d la provincia mayor productora de cereales en el pa\u00eds<\/p>\n<p style=\"text-align: justify;\"><span style=\"color: #0000ff;\">E. Dubian\/ Riad Sh.\/ F. Marouf<\/span><\/p>\n","protected":false},"excerpt":{"rendered":"<p>Damasco, SANA El presidente Bashar al-Assad, promulg\u00f3 la Ley No. 11 que estipula la creaci\u00f3n de una empresa p\u00fablica de car\u00e1cter econ\u00f3mico con el nombre de la Empresa Estatal de Comercializaci\u00f3n, Almacenamiento y Procesamiento de Cereales (Empresa Siria para Cereales\u201d. La nueva instituci\u00f3n gozar\u00e1 de una personalidad aut\u00f3noma jur\u00eddica, administrativa y financieramente. Seg\u00fan la ley, &hellip;<\/p>\n","protected":false},"author":32,"featured_media":111508,"comment_status":"closed","ping_status":"closed","sticky":false,"template":"","format":"standard","meta":{"footnotes":""},"categories":[597,626,7541],"tags":[15129],"class_list":["post-105461","post","type-post","status-publish","format-standard","has-post-thumbnail","","category-cinta-de-noticias","category-sr-presidente","category-ultimas-noticias","tag-presidente-al-assad-decreta-la-creacion-de-la-empresa-siria-para-cereales"],"_links":{"self":[{"href":"https:\/\/archive.sana.sy\/es\/index.php?rest_route=\/wp\/v2\/posts\/105461"}],"collection":[{"href":"https:\/\/archive.sana.sy\/es\/index.php?rest_route=\/wp\/v2\/posts"}],"about":[{"href":"https:\/\/archive.sana.sy\/es\/index.php?rest_route=\/wp\/v2\/types\/post"}],"author":[{"embeddable":true,"href":"https:\/\/archive.sana.sy\/es\/index.php?rest_route=\/wp\/v2\/users\/32"}],"replies":[{"embeddable":true,"href":"https:\/\/archive.sana.sy\/es\/index.php?rest_route=%2Fwp%2Fv2%2Fcomments&post=105461"}],"version-history":[{"count":0,"href":"https:\/\/archive.sana.sy\/es\/index.php?rest_route=\/wp\/v2\/posts\/105461\/revisions"}],"wp:featuredmedia":[{"embeddable":true,"href":"https:\/\/archive.sana.sy\/es\/index.php?rest_route=\/wp\/v2\/media\/111508"}],"wp:attachment":[{"href":"https:\/\/archive.sana.sy\/es\/index.php?rest_route=%2Fwp%2Fv2%2Fmedia&parent=105461"}],"wp:term":[{"taxonomy":"category","embeddable":true,"href":"https:\/\/archive.sana.sy\/es\/index.php?rest_route=%2Fwp%2Fv2%2Fcategories&post=105461"},{"taxonomy":"post_tag","embeddable":true,"href":"https:\/\/archive.sana.sy\/es\/index.php?rest_route=%2Fwp%2Fv2%2Ftags&post=105461"}],"curies":[{"name":"wp","href":"https:\/\/api.w.org\/{rel}","templated":true}]}}