{"id":105465,"date":"2019-04-23T15:29:13","date_gmt":"2019-04-23T12:29:13","guid":{"rendered":"https:\/\/sana.sy\/es\/?p=105465"},"modified":"2019-04-24T10:51:59","modified_gmt":"2019-04-24T07:51:59","slug":"fuentes-locales-frente-al-nusra-y-los-cascos-blancos-preparan-una-provocacion-quimica","status":"publish","type":"post","link":"https:\/\/archive.sana.sy\/es\/?p=105465","title":{"rendered":"Terroristas de Al-Nousra y Cascos Blancos preparan una nueva provocaci\u00f3n qu\u00edmica"},"content":{"rendered":"<p style=\"text-align: justify;\"><span style=\"color: #800000;\">Idleb, SANA<\/span><\/p>\n<p style=\"text-align: justify;\">Grupos terroristas en colaboraci\u00f3n con los llamados Cascos Blancos, est\u00e1n preparando una provocaci\u00f3n con armas qu\u00edmicas en las provincias de Idleb y Hama, con el prop\u00f3sito de acusar al ej\u00e9rcito sirio.<\/p>\n<p style=\"text-align: justify;\">Fuentes locales detallaron &#8220;grup\u00fasculos terroristas que operan bajo el paraguas del Frente Al-Nousra, y los llamados Cascos Blancos, evacuaron el poblado de Jarjanaz perteneciente al municipio de Maaret al-Nouman en la provincia de Idleb con el fin de perpetrar ataque qu\u00edmico de falsa bandera&#8221;.<\/p>\n<p style=\"text-align: justify;\">&#8220;Se acusar\u00e1 al Ej\u00e9rcito sirio de lanzar dicho ataque con el fin de crear un pretexto para una agresi\u00f3n estadounidense y occidental contra Siria&#8221;, aseguraron.<\/p>\n<p style=\"text-align: justify;\">La puesta en escena prev\u00e9 el uso de cloro contra civiles, incluidos ni\u00f1os secuestrados de varias \u00e1reas en los \u00faltimos a\u00f1os, para acusar al ej\u00e9rcito \u00e1rabe sirio.<\/p>\n<p style=\"text-align: justify;\"><span style=\"color: #0000ff;\">E. Dubian\/ Riad Sh.\/ F. Marouf<\/span><\/p>\n<p style=\"text-align: justify;\">\n","protected":false},"excerpt":{"rendered":"<p>Idleb, SANA Grupos terroristas en colaboraci\u00f3n con los llamados Cascos Blancos, est\u00e1n preparando una provocaci\u00f3n con armas qu\u00edmicas en las provincias de Idleb y Hama, con el prop\u00f3sito de acusar al ej\u00e9rcito sirio. Fuentes locales detallaron &#8220;grup\u00fasculos terroristas que operan bajo el paraguas del Frente Al-Nousra, y los llamados Cascos Blancos, evacuaron el poblado de &hellip;<\/p>\n","protected":false},"author":32,"featured_media":105466,"comment_status":"closed","ping_status":"closed","sticky":false,"template":"","format":"standard","meta":{"footnotes":""},"categories":[597,573,7541],"tags":[15132],"class_list":["post-105465","post","type-post","status-publish","format-standard","has-post-thumbnail","","category-cinta-de-noticias","category-la-realidad-de-los-acontecimientos-en-siria","category-ultimas-noticias","tag-terroristas-de-al-nousra-y-cascos-blancos-preparan-una-nueva-provocacion-quimica"],"_links":{"self":[{"href":"https:\/\/archive.sana.sy\/es\/index.php?rest_route=\/wp\/v2\/posts\/105465"}],"collection":[{"href":"https:\/\/archive.sana.sy\/es\/index.php?rest_route=\/wp\/v2\/posts"}],"about":[{"href":"https:\/\/archive.sana.sy\/es\/index.php?rest_route=\/wp\/v2\/types\/post"}],"author":[{"embeddable":true,"href":"https:\/\/archive.sana.sy\/es\/index.php?rest_route=\/wp\/v2\/users\/32"}],"replies":[{"embeddable":true,"href":"https:\/\/archive.sana.sy\/es\/index.php?rest_route=%2Fwp%2Fv2%2Fcomments&post=105465"}],"version-history":[{"count":0,"href":"https:\/\/archive.sana.sy\/es\/index.php?rest_route=\/wp\/v2\/posts\/105465\/revisions"}],"wp:featuredmedia":[{"embeddable":true,"href":"https:\/\/archive.sana.sy\/es\/index.php?rest_route=\/wp\/v2\/media\/105466"}],"wp:attachment":[{"href":"https:\/\/archive.sana.sy\/es\/index.php?rest_route=%2Fwp%2Fv2%2Fmedia&parent=105465"}],"wp:term":[{"taxonomy":"category","embeddable":true,"href":"https:\/\/archive.sana.sy\/es\/index.php?rest_route=%2Fwp%2Fv2%2Fcategories&post=105465"},{"taxonomy":"post_tag","embeddable":true,"href":"https:\/\/archive.sana.sy\/es\/index.php?rest_route=%2Fwp%2Fv2%2Ftags&post=105465"}],"curies":[{"name":"wp","href":"https:\/\/api.w.org\/{rel}","templated":true}]}}