{"id":105469,"date":"2019-04-23T15:47:47","date_gmt":"2019-04-23T12:47:47","guid":{"rendered":"https:\/\/www.sana.sy\/es\/?p=105469"},"modified":"2023-01-10T15:15:48","modified_gmt":"2023-01-10T13:15:48","slug":"siria-y-bulgaria-abordan-vias-de-impulsar-la-cooperacion-economica-comercial","status":"publish","type":"post","link":"https:\/\/archive.sana.sy\/es\/?p=105469","title":{"rendered":"Siria y Bulgaria abordan v\u00edas de impulsar la cooperaci\u00f3n econ\u00f3mica-comercial"},"content":{"rendered":"<p style=\"text-align: justify\"><span style=\"color: #800000\">Damasco, SANA<\/span><\/p>\n<p style=\"text-align: justify\">La Junta Administrativa de la C\u00e1mara de Comercio de Damasco (CCD) abord\u00f3 este martes con la delegaci\u00f3n de la C\u00e1mara de Comercio Sirio-B\u00falgara las v\u00edas de impulsar los v\u00ednculos bilaterales en materia econ\u00f3mica.<\/p>\n<p style=\"text-align: justify\">Mohamad Ghassan al-Qala\u00e1, presidente de la Junta Administrativa de la CCD, destac\u00f3 la necesidad de reactivar las relaciones comerciales y econ\u00f3micas entre ambos pa\u00edses, as\u00ed como ampliar la participaci\u00f3n de Bulgaria en la pr\u00f3xima edici\u00f3n de la Feria Internacional de Damasco.<\/p>\n<p style=\"text-align: justify\">Al-Qala\u00e1 llam\u00f3 a rubricar contratos comerciales y de inversi\u00f3n entre los empresarios de Siria y Bulgaria, y a aprovechar de la experiencia b\u00falgara en desarrollar la industria l\u00e1ctea siria.<\/p>\n<p style=\"text-align: justify\">Por su parte, el jefe de la delegaci\u00f3n sirio-b\u00falgara resalt\u00f3 la necesidad de crear un Consejo de Negocios sirio-b\u00falgaro mixto para consolidar la cooperaci\u00f3n entre las compa\u00f1\u00edas de ambas naciones.<\/p>\n<p>&nbsp;<\/p>\n<p style=\"text-align: justify\">Lynn A.<\/p>\n","protected":false},"excerpt":{"rendered":"<p>Damasco, SANA La Junta Administrativa de la C\u00e1mara de Comercio de Damasco (CCD) abord\u00f3 este martes con la delegaci\u00f3n de la C\u00e1mara de Comercio Sirio-B\u00falgara las v\u00edas de impulsar los v\u00ednculos bilaterales en materia econ\u00f3mica. Mohamad Ghassan al-Qala\u00e1, presidente de la Junta Administrativa de la CCD, destac\u00f3 la necesidad de reactivar las relaciones comerciales y &hellip;<\/p>\n","protected":false},"author":24,"featured_media":105470,"comment_status":"closed","ping_status":"closed","sticky":false,"template":"","format":"standard","meta":{"footnotes":""},"categories":[597,485,7541],"tags":[],"class_list":["post-105469","post","type-post","status-publish","format-standard","has-post-thumbnail","","category-cinta-de-noticias","category-informes-negocios-y-finanzas","category-ultimas-noticias"],"_links":{"self":[{"href":"https:\/\/archive.sana.sy\/es\/index.php?rest_route=\/wp\/v2\/posts\/105469"}],"collection":[{"href":"https:\/\/archive.sana.sy\/es\/index.php?rest_route=\/wp\/v2\/posts"}],"about":[{"href":"https:\/\/archive.sana.sy\/es\/index.php?rest_route=\/wp\/v2\/types\/post"}],"author":[{"embeddable":true,"href":"https:\/\/archive.sana.sy\/es\/index.php?rest_route=\/wp\/v2\/users\/24"}],"replies":[{"embeddable":true,"href":"https:\/\/archive.sana.sy\/es\/index.php?rest_route=%2Fwp%2Fv2%2Fcomments&post=105469"}],"version-history":[{"count":0,"href":"https:\/\/archive.sana.sy\/es\/index.php?rest_route=\/wp\/v2\/posts\/105469\/revisions"}],"wp:featuredmedia":[{"embeddable":true,"href":"https:\/\/archive.sana.sy\/es\/index.php?rest_route=\/wp\/v2\/media\/105470"}],"wp:attachment":[{"href":"https:\/\/archive.sana.sy\/es\/index.php?rest_route=%2Fwp%2Fv2%2Fmedia&parent=105469"}],"wp:term":[{"taxonomy":"category","embeddable":true,"href":"https:\/\/archive.sana.sy\/es\/index.php?rest_route=%2Fwp%2Fv2%2Fcategories&post=105469"},{"taxonomy":"post_tag","embeddable":true,"href":"https:\/\/archive.sana.sy\/es\/index.php?rest_route=%2Fwp%2Fv2%2Ftags&post=105469"}],"curies":[{"name":"wp","href":"https:\/\/api.w.org\/{rel}","templated":true}]}}