{"id":105475,"date":"2019-04-23T15:45:42","date_gmt":"2019-04-23T12:45:42","guid":{"rendered":"https:\/\/www.sana.sy\/es\/?p=105475"},"modified":"2019-04-23T19:14:10","modified_gmt":"2019-04-23T16:14:10","slug":"conferencia-de-seguridad-internacional-de-moscu-abordara-reconstruccion-de-siria","status":"publish","type":"post","link":"https:\/\/archive.sana.sy\/es\/?p=105475","title":{"rendered":"Conferencia de Seguridad Internacional de Mosc\u00fa abordar\u00e1 reconstrucci\u00f3n de Siria"},"content":{"rendered":"<p style=\"text-align: justify\"><span style=\"color: #800000\">Mosc\u00fa, SANA<\/span><\/p>\n<p style=\"text-align: justify\">El tema de reconstrucci\u00f3n de Siria ser\u00e1 abordado en la VIII Conferencia de Seguridad Internacional de Mosc\u00fa, inform\u00f3 el Ministerio de Defensa de Rusia.<\/p>\n<p style=\"text-align: justify\">En un comunicado emitido este martes, el Ministerio ruso resalt\u00f3 que la Conferencia abordar\u00e1 los problemas relacionados con la estabilidad a nivel internacional y regional, la reconstrucci\u00f3n de Siria e Irak, la seguridad en Asia, \u00c1frica, Am\u00e9rica Latina, Europa, el desarrollo de armas espaciales, la mejora de los sistemas de defensa antimisiles, los operativos de mantenimiento de paz, y la cooperaci\u00f3n militar.<\/p>\n<p style=\"text-align: justify\">Aclar\u00f3 que expertos, entre ellos ministros de Defensa y jefes de Estado Mayor, de 111 pa\u00edses y organizaciones internacionales participar\u00e1n en la Conferencia.<\/p>\n<p style=\"text-align: justify\">\nLynn A.<\/p>\n","protected":false},"excerpt":{"rendered":"<p>Mosc\u00fa, SANA El tema de reconstrucci\u00f3n de Siria ser\u00e1 abordado en la VIII Conferencia de Seguridad Internacional de Mosc\u00fa, inform\u00f3 el Ministerio de Defensa de Rusia. En un comunicado emitido este martes, el Ministerio ruso resalt\u00f3 que la Conferencia abordar\u00e1 los problemas relacionados con la estabilidad a nivel internacional y regional, la reconstrucci\u00f3n de Siria &hellip;<\/p>\n","protected":false},"author":24,"featured_media":89341,"comment_status":"closed","ping_status":"closed","sticky":false,"template":"","format":"standard","meta":{"footnotes":""},"categories":[597,467,7541],"tags":[],"class_list":["post-105475","post","type-post","status-publish","format-standard","has-post-thumbnail","","category-cinta-de-noticias","category-siria-y-el-mundo","category-ultimas-noticias"],"_links":{"self":[{"href":"https:\/\/archive.sana.sy\/es\/index.php?rest_route=\/wp\/v2\/posts\/105475"}],"collection":[{"href":"https:\/\/archive.sana.sy\/es\/index.php?rest_route=\/wp\/v2\/posts"}],"about":[{"href":"https:\/\/archive.sana.sy\/es\/index.php?rest_route=\/wp\/v2\/types\/post"}],"author":[{"embeddable":true,"href":"https:\/\/archive.sana.sy\/es\/index.php?rest_route=\/wp\/v2\/users\/24"}],"replies":[{"embeddable":true,"href":"https:\/\/archive.sana.sy\/es\/index.php?rest_route=%2Fwp%2Fv2%2Fcomments&post=105475"}],"version-history":[{"count":0,"href":"https:\/\/archive.sana.sy\/es\/index.php?rest_route=\/wp\/v2\/posts\/105475\/revisions"}],"wp:featuredmedia":[{"embeddable":true,"href":"https:\/\/archive.sana.sy\/es\/index.php?rest_route=\/wp\/v2\/media\/89341"}],"wp:attachment":[{"href":"https:\/\/archive.sana.sy\/es\/index.php?rest_route=%2Fwp%2Fv2%2Fmedia&parent=105475"}],"wp:term":[{"taxonomy":"category","embeddable":true,"href":"https:\/\/archive.sana.sy\/es\/index.php?rest_route=%2Fwp%2Fv2%2Fcategories&post=105475"},{"taxonomy":"post_tag","embeddable":true,"href":"https:\/\/archive.sana.sy\/es\/index.php?rest_route=%2Fwp%2Fv2%2Ftags&post=105475"}],"curies":[{"name":"wp","href":"https:\/\/api.w.org\/{rel}","templated":true}]}}