{"id":105477,"date":"2019-04-23T20:00:37","date_gmt":"2019-04-23T17:00:37","guid":{"rendered":"https:\/\/www.sana.sy\/es\/?p=105477"},"modified":"2019-04-24T17:43:50","modified_gmt":"2019-04-24T14:43:50","slug":"regimen-turco-construye-un-muro-para-aislar-a-la-ciudad-siria-de-efrin","status":"publish","type":"post","link":"https:\/\/archive.sana.sy\/es\/?p=105477","title":{"rendered":"R\u00e9gimen turco levanta un muro para aislar la ciudad siria de Efr\u00e9n"},"content":{"rendered":"<p style=\"text-align: justify\"><span style=\"color: #800000\">Alepo, SANA<\/span><\/p>\n<p style=\"text-align: justify\">En una nueva violaci\u00f3n del Derecho Internacional, las fuerzas del r\u00e9gimen turco comenzaron la construcci\u00f3n de un muro de cemento en la periferia de la ciudad de Efr\u00e9n en el campo norte de la provincia Alepo con el fin de aislar esa ciudad de su entorno geogr\u00e1fico natural sirio y dividir la zona.<\/p>\n<p style=\"text-align: justify\">Seg\u00fan informaron fuentes locales, las fuerzas turcas de ocupaci\u00f3n demolieron durante las \u00faltimas semanas a viviendas y propiedades de los habitantes del pueblo Yalbal con el fin de completar las obras de construcci\u00f3n de un muro de cemento que a\u00edsla a Efr\u00e9n de otras zonas del campo norte de Alepo.<\/p>\n<p style=\"text-align: justify\">&#8220;El plan es construir alrededor de 70 km de este muro dentro del territorio sirio, adem\u00e1s de torres de observaci\u00f3n que podr\u00edan mantener contacto directo con los puntos militares turcas en la ciudad de Idleb cerca de Efr\u00e9n&#8221;, revelaron las fuentes.<\/p>\n<p style=\"text-align: justify\">Agregaron que el r\u00e9gimen turco complet\u00f3 la construcci\u00f3n de 564 km de un muro a lo largo de la frontera sirio-turca, y cuya longitud llegar\u00e1 a 711 km despu\u00e9s de completar la parte faltante cerca de Efr\u00e9n.<\/p>\n<p style=\"text-align: justify\">Hace un a\u00f1o, las fuerzas del r\u00e9gimen turco irrumpieron y ocuparon la ciudad siria de Efr\u00e9n, donde cometieron barbaridades y horrendos cr\u00edmenes contra los pobladores.<\/p>\n<p style=\"text-align: justify\"><span style=\"color: #0000ff\">Lynn A.\/ F. M.<\/span><\/p>\n","protected":false},"excerpt":{"rendered":"<p>Alepo, SANA En una nueva violaci\u00f3n del Derecho Internacional, las fuerzas del r\u00e9gimen turco comenzaron la construcci\u00f3n de un muro de cemento en la periferia de la ciudad de Efr\u00e9n en el campo norte de la provincia Alepo con el fin de aislar esa ciudad de su entorno geogr\u00e1fico natural sirio y dividir la zona. &hellip;<\/p>\n","protected":false},"author":24,"featured_media":105478,"comment_status":"closed","ping_status":"closed","sticky":false,"template":"","format":"standard","meta":{"footnotes":""},"categories":[597,476,7541],"tags":[15130],"class_list":["post-105477","post","type-post","status-publish","format-standard","has-post-thumbnail","","category-cinta-de-noticias","category-locales","category-ultimas-noticias","tag-regimen-turco-levanta-un-muro-para-aislar-la-ciudad-siria-de-efren"],"_links":{"self":[{"href":"https:\/\/archive.sana.sy\/es\/index.php?rest_route=\/wp\/v2\/posts\/105477"}],"collection":[{"href":"https:\/\/archive.sana.sy\/es\/index.php?rest_route=\/wp\/v2\/posts"}],"about":[{"href":"https:\/\/archive.sana.sy\/es\/index.php?rest_route=\/wp\/v2\/types\/post"}],"author":[{"embeddable":true,"href":"https:\/\/archive.sana.sy\/es\/index.php?rest_route=\/wp\/v2\/users\/24"}],"replies":[{"embeddable":true,"href":"https:\/\/archive.sana.sy\/es\/index.php?rest_route=%2Fwp%2Fv2%2Fcomments&post=105477"}],"version-history":[{"count":0,"href":"https:\/\/archive.sana.sy\/es\/index.php?rest_route=\/wp\/v2\/posts\/105477\/revisions"}],"wp:featuredmedia":[{"embeddable":true,"href":"https:\/\/archive.sana.sy\/es\/index.php?rest_route=\/wp\/v2\/media\/105478"}],"wp:attachment":[{"href":"https:\/\/archive.sana.sy\/es\/index.php?rest_route=%2Fwp%2Fv2%2Fmedia&parent=105477"}],"wp:term":[{"taxonomy":"category","embeddable":true,"href":"https:\/\/archive.sana.sy\/es\/index.php?rest_route=%2Fwp%2Fv2%2Fcategories&post=105477"},{"taxonomy":"post_tag","embeddable":true,"href":"https:\/\/archive.sana.sy\/es\/index.php?rest_route=%2Fwp%2Fv2%2Ftags&post=105477"}],"curies":[{"name":"wp","href":"https:\/\/api.w.org\/{rel}","templated":true}]}}