{"id":105488,"date":"2019-04-24T10:20:07","date_gmt":"2019-04-24T07:20:07","guid":{"rendered":"https:\/\/sana.sy\/es\/?p=105488"},"modified":"2023-01-10T15:10:03","modified_gmt":"2023-01-10T13:10:03","slug":"companias-de-26-paises-participan-en-las-ferias-sirias-especializadas","status":"publish","type":"post","link":"https:\/\/archive.sana.sy\/es\/?p=105488","title":{"rendered":"Compa\u00f1\u00edas de 26 pa\u00edses participan en las ferias sirias especializadas"},"content":{"rendered":"<p style=\"text-align: justify;\"><span style=\"color: #800000;\">Damasco, SANA<\/span><\/p>\n<p style=\"text-align: justify;\">Comenzaron este martes, tres ferias sirias especializadas en los campos de la construcci\u00f3n, la industria, la maquinaria, la electricidad y la energ\u00eda renovable.<\/p>\n<p style=\"text-align: justify;\">Participan en las ferias que durar\u00e1n hasta el pr\u00f3ximo d\u00eda 27 en el recinto de exposiciones en las afueras de Damasco, m\u00e1s de 250 compa\u00f1\u00edas de 26 pa\u00edses \u00e1rabes y extranjeros, entre ellos: Italia, Hungr\u00eda, Kuwait, Emiratos \u00c1rabes Unidos, Om\u00e1n, L\u00edbano, Egipto, Ir\u00e1n, Jordania, China e India.<\/p>\n<p style=\"text-align: justify;\">Las &#8220;Ferias Especializadas Sirias&#8221; organizadas por el Grupo Internacional &#8220;Tayara&#8221; para Ferias y Conferencias incluyen tres eventos y son: La Feria Internacional Siria de Construcci\u00f3n e Infraestructura (Me Build Show), organizada en cooperaci\u00f3n con el Ministerio de Obras P\u00fablicas y Vivienda; la Feria Internacional Siria de Maquinaria y Equipos Industriales (SINEX), que se organiza en cooperaci\u00f3n con el Ministerio de Industria; y la Feria Internacional Siria de Electricidad, Mec\u00e1nica y Obras Hidr\u00e1ulicas (SYRIA Energy 2019), que se organiza en cooperaci\u00f3n con el Ministerio de Electricidad.<\/p>\n<p style=\"text-align: justify;\">En declaraciones a la prensa, el ministro de Industria, Mohammed Yazbeh, dijo que las tres ferias constituyen un evento econ\u00f3mico importante que muestran las capacidades de Siria pese a la guerra impuesta y el bloqueo econ\u00f3mico.<\/p>\n<p style=\"text-align: justify;\">Mowafaq Tayara, director del el grupo Internacional &#8220;Tayara&#8221;, dijo que las tres ferias tienen como objetivo crear una plataforma directa para establecer contacto entre empresas nacionales, \u00e1rabes y extranjeras.<\/p>\n<p style=\"text-align: justify;\">&#8220;Esta plataforma contribuir\u00e1 al intercambio de experiencias y al acceso a las \u00faltimas tecnolog\u00edas en la construcci\u00f3n y energ\u00eda renovable; adem\u00e1s de promover y comercializar los productos de empresas y concretar acuerdos comerciales&#8221;, dijo.<\/p>\n<p style=\"text-align: justify;\"><span style=\"color: #0000ff;\">F. Marouf\/ E. Dubian<\/span><\/p>\n","protected":false},"excerpt":{"rendered":"<p>Damasco, SANA Comenzaron este martes, tres ferias sirias especializadas en los campos de la construcci\u00f3n, la industria, la maquinaria, la electricidad y la energ\u00eda renovable. Participan en las ferias que durar\u00e1n hasta el pr\u00f3ximo d\u00eda 27 en el recinto de exposiciones en las afueras de Damasco, m\u00e1s de 250 compa\u00f1\u00edas de 26 pa\u00edses \u00e1rabes y &hellip;<\/p>\n","protected":false},"author":32,"featured_media":105489,"comment_status":"closed","ping_status":"closed","sticky":false,"template":"","format":"standard","meta":{"footnotes":""},"categories":[597,485,7541],"tags":[15127],"class_list":["post-105488","post","type-post","status-publish","format-standard","has-post-thumbnail","","category-cinta-de-noticias","category-informes-negocios-y-finanzas","category-ultimas-noticias","tag-companias-de-26-paises-participan-en-las-ferias-sirias-especializadas"],"_links":{"self":[{"href":"https:\/\/archive.sana.sy\/es\/index.php?rest_route=\/wp\/v2\/posts\/105488"}],"collection":[{"href":"https:\/\/archive.sana.sy\/es\/index.php?rest_route=\/wp\/v2\/posts"}],"about":[{"href":"https:\/\/archive.sana.sy\/es\/index.php?rest_route=\/wp\/v2\/types\/post"}],"author":[{"embeddable":true,"href":"https:\/\/archive.sana.sy\/es\/index.php?rest_route=\/wp\/v2\/users\/32"}],"replies":[{"embeddable":true,"href":"https:\/\/archive.sana.sy\/es\/index.php?rest_route=%2Fwp%2Fv2%2Fcomments&post=105488"}],"version-history":[{"count":0,"href":"https:\/\/archive.sana.sy\/es\/index.php?rest_route=\/wp\/v2\/posts\/105488\/revisions"}],"wp:featuredmedia":[{"embeddable":true,"href":"https:\/\/archive.sana.sy\/es\/index.php?rest_route=\/wp\/v2\/media\/105489"}],"wp:attachment":[{"href":"https:\/\/archive.sana.sy\/es\/index.php?rest_route=%2Fwp%2Fv2%2Fmedia&parent=105488"}],"wp:term":[{"taxonomy":"category","embeddable":true,"href":"https:\/\/archive.sana.sy\/es\/index.php?rest_route=%2Fwp%2Fv2%2Fcategories&post=105488"},{"taxonomy":"post_tag","embeddable":true,"href":"https:\/\/archive.sana.sy\/es\/index.php?rest_route=%2Fwp%2Fv2%2Ftags&post=105488"}],"curies":[{"name":"wp","href":"https:\/\/api.w.org\/{rel}","templated":true}]}}