{"id":105513,"date":"2019-04-24T12:17:01","date_gmt":"2019-04-24T09:17:01","guid":{"rendered":"https:\/\/sana.sy\/es\/?p=105513"},"modified":"2019-04-24T12:17:01","modified_gmt":"2019-04-24T09:17:01","slug":"campanas-de-la-catedral-catolica-de-alepo-vuelven-a-sonar","status":"publish","type":"post","link":"https:\/\/archive.sana.sy\/es\/?p=105513","title":{"rendered":"Campanas de la catedral cat\u00f3lica de Alepo vuelven a sonar"},"content":{"rendered":"<p><span style=\"color: #800000;\">Alepo, SANA<\/span><\/p>\n<p>La catedral cat\u00f3lica de Nuestra Se\u00f1ora en la ciudad de Alepo reabri\u00f3 sus puertas hoy en barrio de Jadideh en el casco antiguo de Alepo.<\/p>\n<p>La catedral fue sometida a obras de rehabilitaci\u00f3n y restauraci\u00f3n de los da\u00f1os que sufri\u00f3 a consecuencia de los ataques terroristas.<\/p>\n<p>Las campanas de la catedral volvieron a sonar y se celebr\u00f3 una misa en la que participaron representantes de las diferentes comunidades cristianas en Alepo.<\/p>\n<p>El patriarca de Antioqu\u00eda y Todo Oriente, Joseph Al-Absi, afirm\u00f3 que la reapertura de la iglesia es un indicador simb\u00f3lico de que Siria ha recuperado su belleza y vitalidad.<\/p>\n<p>&#8220;Es un mensaje al mundo de que Siria sigue y seguir\u00e1 siendo la tierra de la paz y el amor&#8221;, agreg\u00f3 el patriarca.<\/p>\n<p>Los trabajos de restauraci\u00f3n incluyeron las c\u00fapulas de la iglesia y los techos colapsados utilizando materiales que homogenizan con los muros y techos antiguos.<\/p>\n<p>El nuncio apost\u00f3lico en Damasco, el cardenal Mario Zenari, transmiti\u00f3 en sus palabras las felicitaciones del Vaticano por la reapertura de la catedral y expres\u00f3 su aprecio por los esfuerzos realizados para reabrirla.<\/p>\n<p><span style=\"color: #0000ff;\">F. Marouf\/ E. Dubian<\/span><\/p>\n<div id='gallery-1' class='gallery galleryid-105513 gallery-columns-1 gallery-size-full'><figure class='gallery-item'>\n\t\t\t<div class='gallery-icon landscape'>\n\t\t\t\t<a href='https:\/\/archive.sana.sy\/es\/wp-content\/uploads\/2019\/04\/3-190-300x190.jpg'><img loading=\"lazy\" decoding=\"async\" width=\"300\" height=\"190\" src=\"https:\/\/archive.sana.sy\/es\/wp-content\/uploads\/2019\/04\/3-190-300x190.jpg\" class=\"attachment-full size-full\" alt=\"\" srcset=\"https:\/\/archive.sana.sy\/es\/wp-content\/uploads\/2019\/04\/3-190-300x190.jpg 300w, https:\/\/archive.sana.sy\/es\/wp-content\/uploads\/2019\/04\/3-190-300x190-150x95.jpg 150w\" sizes=\"(max-width: 300px) 100vw, 300px\" \/><\/a>\n\t\t\t<\/div><\/figure><figure class='gallery-item'>\n\t\t\t<div class='gallery-icon landscape'>\n\t\t\t\t<a href='https:\/\/archive.sana.sy\/es\/wp-content\/uploads\/2019\/04\/4-172-300x190.jpg'><img loading=\"lazy\" decoding=\"async\" width=\"300\" height=\"190\" src=\"https:\/\/archive.sana.sy\/es\/wp-content\/uploads\/2019\/04\/4-172-300x190.jpg\" class=\"attachment-full size-full\" alt=\"\" srcset=\"https:\/\/archive.sana.sy\/es\/wp-content\/uploads\/2019\/04\/4-172-300x190.jpg 300w, https:\/\/archive.sana.sy\/es\/wp-content\/uploads\/2019\/04\/4-172-300x190-150x95.jpg 150w\" sizes=\"(max-width: 300px) 100vw, 300px\" \/><\/a>\n\t\t\t<\/div><\/figure><figure class='gallery-item'>\n\t\t\t<div class='gallery-icon landscape'>\n\t\t\t\t<a href='https:\/\/archive.sana.sy\/es\/wp-content\/uploads\/2019\/04\/5-153-300x200.jpg'><img loading=\"lazy\" decoding=\"async\" width=\"300\" height=\"200\" src=\"https:\/\/archive.sana.sy\/es\/wp-content\/uploads\/2019\/04\/5-153-300x200.jpg\" class=\"attachment-full size-full\" alt=\"\" srcset=\"https:\/\/archive.sana.sy\/es\/wp-content\/uploads\/2019\/04\/5-153-300x200.jpg 300w, https:\/\/archive.sana.sy\/es\/wp-content\/uploads\/2019\/04\/5-153-300x200-150x100.jpg 150w\" sizes=\"(max-width: 300px) 100vw, 300px\" \/><\/a>\n\t\t\t<\/div><\/figure>\n\t\t<\/div>\n\n<p><iframe loading=\"lazy\" title=\"\u0627\u0641\u062a\u062a\u0627\u062d \u0643\u0627\u062a\u062f\u0631\u0627\u0626\u064a\u0629 \u0627\u0644\u0633\u064a\u062f\u0629 \u0644\u0644\u0631\u0648\u0645 \u0627\u0644\u0643\u0627\u062b\u0648\u0644\u064a\u0643 \u0627\u0644\u0645\u0644\u0643\u064a\u0629 \u0641\u064a \u062d\u0644\u0628 \u0628\u0639\u062f \u0625\u0639\u0627\u062f\u0629 \u062a\u0623\u0647\u064a\u0644\u0647\u0627\" width=\"618\" height=\"348\" src=\"https:\/\/www.youtube.com\/embed\/ElYtd8-GWO4?feature=oembed\" frameborder=\"0\" allow=\"accelerometer; autoplay; clipboard-write; encrypted-media; gyroscope; picture-in-picture; web-share\" referrerpolicy=\"strict-origin-when-cross-origin\" allowfullscreen><\/iframe><\/p>\n","protected":false},"excerpt":{"rendered":"<p>Alepo, SANA La catedral cat\u00f3lica de Nuestra Se\u00f1ora en la ciudad de Alepo reabri\u00f3 sus puertas hoy en barrio de Jadideh en el casco antiguo de Alepo. La catedral fue sometida a obras de rehabilitaci\u00f3n y restauraci\u00f3n de los da\u00f1os que sufri\u00f3 a consecuencia de los ataques terroristas. Las campanas de la catedral volvieron a &hellip;<\/p>\n","protected":false},"author":32,"featured_media":105514,"comment_status":"closed","ping_status":"closed","sticky":false,"template":"","format":"standard","meta":{"footnotes":""},"categories":[597,476,7541],"tags":[15135],"class_list":["post-105513","post","type-post","status-publish","format-standard","has-post-thumbnail","","category-cinta-de-noticias","category-locales","category-ultimas-noticias","tag-campanas-de-la-catedral-catolica-de-alepo-vuelven-a-sonar"],"_links":{"self":[{"href":"https:\/\/archive.sana.sy\/es\/index.php?rest_route=\/wp\/v2\/posts\/105513"}],"collection":[{"href":"https:\/\/archive.sana.sy\/es\/index.php?rest_route=\/wp\/v2\/posts"}],"about":[{"href":"https:\/\/archive.sana.sy\/es\/index.php?rest_route=\/wp\/v2\/types\/post"}],"author":[{"embeddable":true,"href":"https:\/\/archive.sana.sy\/es\/index.php?rest_route=\/wp\/v2\/users\/32"}],"replies":[{"embeddable":true,"href":"https:\/\/archive.sana.sy\/es\/index.php?rest_route=%2Fwp%2Fv2%2Fcomments&post=105513"}],"version-history":[{"count":0,"href":"https:\/\/archive.sana.sy\/es\/index.php?rest_route=\/wp\/v2\/posts\/105513\/revisions"}],"wp:featuredmedia":[{"embeddable":true,"href":"https:\/\/archive.sana.sy\/es\/index.php?rest_route=\/wp\/v2\/media\/105514"}],"wp:attachment":[{"href":"https:\/\/archive.sana.sy\/es\/index.php?rest_route=%2Fwp%2Fv2%2Fmedia&parent=105513"}],"wp:term":[{"taxonomy":"category","embeddable":true,"href":"https:\/\/archive.sana.sy\/es\/index.php?rest_route=%2Fwp%2Fv2%2Fcategories&post=105513"},{"taxonomy":"post_tag","embeddable":true,"href":"https:\/\/archive.sana.sy\/es\/index.php?rest_route=%2Fwp%2Fv2%2Ftags&post=105513"}],"curies":[{"name":"wp","href":"https:\/\/api.w.org\/{rel}","templated":true}]}}