{"id":105729,"date":"2019-04-27T15:18:38","date_gmt":"2019-04-27T12:18:38","guid":{"rendered":"https:\/\/sana.sy\/es\/?p=105729"},"modified":"2019-04-27T15:45:54","modified_gmt":"2019-04-27T12:45:54","slug":"una-medalla-de-bronce-para-siria-en-el-campeonato-de-mandeliev-para-quimica","status":"publish","type":"post","link":"https:\/\/archive.sana.sy\/es\/?p=105729","title":{"rendered":"Una medalla de bronce para Siria en el Campeonato de Mandeliev para Qu\u00edmica"},"content":{"rendered":"<p style=\"text-align: justify;\"><span style=\"color: #800000;\">Mosc\u00fa, SANA<\/span><\/p>\n<p style=\"text-align: justify;\">El equipo de Siria conquist\u00f3 una medalla de bronce en el Campeonato Internacional &#8220;Mandeliev&#8221; para Qu\u00edmica organizado por la Universidad de San Petersburgo, el cual dur\u00f3 seis d\u00edas.<\/p>\n<p style=\"text-align: justify;\">El Estamento de Distinguidos e Innovadores inform\u00f3 que la bronceada la gan\u00f3 el estudiante Mohamed Bilal, se\u00f1alando que el campeonato consist\u00eda en dos sesiones, una te\u00f3rica y la otra experimental en los laboratorios.<\/p>\n<p style=\"text-align: justify;\">La entidad aludi\u00f3 que esta participaci\u00f3n es la primera de Siria en el Campeonato que reuni\u00f3 a m\u00e1s de 50 estados de los diferentes continentes, y supuso una escala preparatoria importante para nuestro equipo pues lo introdujo en la atm\u00f3sfera de las competiciones fuertes.<\/p>\n<p style=\"text-align: justify;\">Est\u00e1 previsto que las competiciones de la Olimpiada Mundial se realicen en julio pr\u00f3ximo en Francia.<\/p>\n<p style=\"text-align: justify;\"><span style=\"color: #0000ff;\">Riad Sh.\/ E. Dubian<\/span><\/p>\n","protected":false},"excerpt":{"rendered":"<p>Mosc\u00fa, SANA El equipo de Siria conquist\u00f3 una medalla de bronce en el Campeonato Internacional &#8220;Mandeliev&#8221; para Qu\u00edmica organizado por la Universidad de San Petersburgo, el cual dur\u00f3 seis d\u00edas. El Estamento de Distinguidos e Innovadores inform\u00f3 que la bronceada la gan\u00f3 el estudiante Mohamed Bilal, se\u00f1alando que el campeonato consist\u00eda en dos sesiones, una &hellip;<\/p>\n","protected":false},"author":32,"featured_media":105730,"comment_status":"closed","ping_status":"closed","sticky":false,"template":"","format":"standard","meta":{"footnotes":""},"categories":[597,467,7541],"tags":[15175],"class_list":["post-105729","post","type-post","status-publish","format-standard","has-post-thumbnail","","category-cinta-de-noticias","category-siria-y-el-mundo","category-ultimas-noticias","tag-una-medalla-de-bronce-para-siria-en-el-campeonato-de-mandeliev-para-quimica"],"_links":{"self":[{"href":"https:\/\/archive.sana.sy\/es\/index.php?rest_route=\/wp\/v2\/posts\/105729"}],"collection":[{"href":"https:\/\/archive.sana.sy\/es\/index.php?rest_route=\/wp\/v2\/posts"}],"about":[{"href":"https:\/\/archive.sana.sy\/es\/index.php?rest_route=\/wp\/v2\/types\/post"}],"author":[{"embeddable":true,"href":"https:\/\/archive.sana.sy\/es\/index.php?rest_route=\/wp\/v2\/users\/32"}],"replies":[{"embeddable":true,"href":"https:\/\/archive.sana.sy\/es\/index.php?rest_route=%2Fwp%2Fv2%2Fcomments&post=105729"}],"version-history":[{"count":0,"href":"https:\/\/archive.sana.sy\/es\/index.php?rest_route=\/wp\/v2\/posts\/105729\/revisions"}],"wp:featuredmedia":[{"embeddable":true,"href":"https:\/\/archive.sana.sy\/es\/index.php?rest_route=\/wp\/v2\/media\/105730"}],"wp:attachment":[{"href":"https:\/\/archive.sana.sy\/es\/index.php?rest_route=%2Fwp%2Fv2%2Fmedia&parent=105729"}],"wp:term":[{"taxonomy":"category","embeddable":true,"href":"https:\/\/archive.sana.sy\/es\/index.php?rest_route=%2Fwp%2Fv2%2Fcategories&post=105729"},{"taxonomy":"post_tag","embeddable":true,"href":"https:\/\/archive.sana.sy\/es\/index.php?rest_route=%2Fwp%2Fv2%2Ftags&post=105729"}],"curies":[{"name":"wp","href":"https:\/\/api.w.org\/{rel}","templated":true}]}}