{"id":105741,"date":"2019-04-27T18:43:04","date_gmt":"2019-04-27T15:43:04","guid":{"rendered":"https:\/\/sana.sy\/es\/?p=105741"},"modified":"2019-04-27T18:43:04","modified_gmt":"2019-04-27T15:43:04","slug":"mueren-dos-civiles-y-otros-resultan-heridos-por-bombardeo-terrorista-al-campo-de-alepo","status":"publish","type":"post","link":"https:\/\/archive.sana.sy\/es\/?p=105741","title":{"rendered":"Mueren dos civiles y otros resultan heridos por bombardeo terrorista al campo de Alepo"},"content":{"rendered":"<p><span style=\"color: #800000;\">Alepo, SANA <\/span><\/p>\n<p style=\"text-align: justify;\">Dos civiles perdieron la vida y otros resultaron heridos por una agresi\u00f3n terrorista con misiles contra la localidad de al-Hadher, ubicada en el campo sure\u00f1o de Alepo.<\/p>\n<p style=\"text-align: justify;\">El reportero de SANA en Alepo inform\u00f3 que los grupos terroristas desplazados en el pueblo de Khalsa, al oeste de Alepo, dispararon esta tarde varios cohetes contra la localidad de al-Hadher, causando la muerte de dos civiles, una madre con su hijo, y heridas a otros, adem\u00e1s de provocar da\u00f1os materiales en las viviendas y propiedades.<\/p>\n<p style=\"text-align: justify;\">\u201cLos heridos fueron hospitalizados para recibir el tratamiento necesario\u201d, agreg\u00f3 el reportero.<\/p>\n<p><span style=\"color: #0000ff;\">R. Rashed\/ Riad Sh.\u00a0<\/span><\/p>\n","protected":false},"excerpt":{"rendered":"<p>Alepo, SANA Dos civiles perdieron la vida y otros resultaron heridos por una agresi\u00f3n terrorista con misiles contra la localidad de al-Hadher, ubicada en el campo sure\u00f1o de Alepo. El reportero de SANA en Alepo inform\u00f3 que los grupos terroristas desplazados en el pueblo de Khalsa, al oeste de Alepo, dispararon esta tarde varios cohetes &hellip;<\/p>\n","protected":false},"author":31,"featured_media":105742,"comment_status":"closed","ping_status":"closed","sticky":false,"template":"","format":"standard","meta":{"footnotes":""},"categories":[597,573,7541],"tags":[15178],"class_list":["post-105741","post","type-post","status-publish","format-standard","has-post-thumbnail","","category-cinta-de-noticias","category-la-realidad-de-los-acontecimientos-en-siria","category-ultimas-noticias","tag-mueren-dos-civiles-y-otros-resultan-heridos-por-bombardeo-terrorista-al-campo-de-alepo"],"_links":{"self":[{"href":"https:\/\/archive.sana.sy\/es\/index.php?rest_route=\/wp\/v2\/posts\/105741"}],"collection":[{"href":"https:\/\/archive.sana.sy\/es\/index.php?rest_route=\/wp\/v2\/posts"}],"about":[{"href":"https:\/\/archive.sana.sy\/es\/index.php?rest_route=\/wp\/v2\/types\/post"}],"author":[{"embeddable":true,"href":"https:\/\/archive.sana.sy\/es\/index.php?rest_route=\/wp\/v2\/users\/31"}],"replies":[{"embeddable":true,"href":"https:\/\/archive.sana.sy\/es\/index.php?rest_route=%2Fwp%2Fv2%2Fcomments&post=105741"}],"version-history":[{"count":0,"href":"https:\/\/archive.sana.sy\/es\/index.php?rest_route=\/wp\/v2\/posts\/105741\/revisions"}],"wp:featuredmedia":[{"embeddable":true,"href":"https:\/\/archive.sana.sy\/es\/index.php?rest_route=\/wp\/v2\/media\/105742"}],"wp:attachment":[{"href":"https:\/\/archive.sana.sy\/es\/index.php?rest_route=%2Fwp%2Fv2%2Fmedia&parent=105741"}],"wp:term":[{"taxonomy":"category","embeddable":true,"href":"https:\/\/archive.sana.sy\/es\/index.php?rest_route=%2Fwp%2Fv2%2Fcategories&post=105741"},{"taxonomy":"post_tag","embeddable":true,"href":"https:\/\/archive.sana.sy\/es\/index.php?rest_route=%2Fwp%2Fv2%2Ftags&post=105741"}],"curies":[{"name":"wp","href":"https:\/\/api.w.org\/{rel}","templated":true}]}}