{"id":105770,"date":"2019-04-28T09:59:34","date_gmt":"2019-04-28T06:59:34","guid":{"rendered":"https:\/\/www.sana.sy\/es\/?p=105770"},"modified":"2019-04-28T09:59:34","modified_gmt":"2019-04-28T06:59:34","slug":"titulares-nacionales-e-internacionales-de-la-prensa-nacional-siria","status":"publish","type":"post","link":"https:\/\/archive.sana.sy\/es\/?p=105770","title":{"rendered":"Titulares nacionales e internacionales de la prensa nacional siria"},"content":{"rendered":"<p style=\"text-align: justify;\"><span style=\"color: #800000;\">Damasco, SANA<\/span><\/p>\n<p style=\"text-align: justify;\">Los principales diarios y medios de comunicaci\u00f3n sirios destacaron los siguientes titulares del \u00e1mbito nacional e internacional:<\/p>\n<p style=\"text-align: justify;\">&#8211; Contin\u00faan actividades del Festival de la Primavera en la provincia de Hama\u2026 una oportunidad para la compra, el turismo y la recreaci\u00f3n.<\/p>\n<p style=\"text-align: justify;\">&#8211; Comienzan obras del proyecto de rehabilitar la iluminaci\u00f3n p\u00fablica de las calles de Palmira y de la calle principal de la ciudad antigua.<\/p>\n<p style=\"text-align: justify;\">&#8211; Las protestas populares contra la milicia de FDS se extienden a otras localidades del campo de la provincia de Deir Ezzor.<\/p>\n<p style=\"text-align: justify;\">&#8211; Fuerzas Armadas bombardean a posiciones de los terroristas en las provincias de Hama e Idleb.<\/p>\n<p style=\"text-align: justify;\">&#8211; Ej\u00e9rcito bombardea y destruye plataformas de lanzamiento de misiles y morteros de los terroristas en el norte de Hama.<\/p>\n<p style=\"text-align: justify;\">&#8211; Mueren dos civiles y otros resultan heridos en bombardeos terroristas en el campo de Alepo.<\/p>\n<p style=\"text-align: justify;\">&#8211; Un civil resulta herido en ataques con cohetes terroristas contra Messiaf al oeste de Hama.<\/p>\n<p style=\"text-align: justify;\">&#8211; Putin: Mantendremos nuestro apoyo a siria en su guerra contra el terrorismo.<\/p>\n<p style=\"text-align: justify;\">&#8211; Presidente chino anuncia la firma de contratos por un valor de 64 mil millones de d\u00f3lares durante la Cumbre de la Franja y la Ruta.<\/p>\n<p style=\"text-align: justify;\">&#8211; Cuatros personas resultan heridas en un tiroteo en el estado de California.<\/p>\n<p style=\"text-align: justify;\">&#8211; Fallece un joven palestino afectados por sus heridas causadas por disparos de soldados del ocupante israel\u00ed al sur de Nablus.<\/p>\n<p style=\"text-align: justify;\">&#8211; Organizan un encuentro en Beirut en rechazo a la normalizaci\u00f3n con el enemigo israel\u00ed.<\/p>\n<p style=\"text-align: justify;\">&#8211; Nueva jornada de protesta de los chalecos amarillos contra las pol\u00edticas de Macr\u00f3n.<\/p>\n<p style=\"text-align: justify;\">&#8211; Uni\u00f3n Europea condena retirada de Trump del Tratado Internacional de Comercio de Armas Nucleares.<\/p>\n<p style=\"text-align: justify;\">&#8211; Un palestino resulta lesionado por disparos israel\u00edes en el norte de la franja de Gaza.<\/p>\n<p style=\"text-align: justify;\">&#8211; Siete yemen\u00edes mueren en una nueva masacre de la coalici\u00f3n saudita.<\/p>\n<p style=\"text-align: justify;\">&#8211; Teher\u00e1n desmiente que haya solicitado reanudar las negociaciones con Washington.<\/p>\n<p style=\"text-align: justify;\">&#8211; Abaten a un terrorista suicida y arrestan a otros dos en la ciudad iraqu\u00ed de Mosul.<\/p>\n<p style=\"text-align: justify;\">&#8211; Mueren 12 personas en accidente de tr\u00e1fico en T\u00fanez.<\/p>\n<p style=\"text-align: justify;\">&#8211; Zarif dice que la administraci\u00f3n Trump fracasar\u00e1 en la imposici\u00f3n de sanciones contra Teher\u00e1n.<\/p>\n<p style=\"text-align: justify;\">&#8211; .Naciones Unidas expresa su preocupaci\u00f3n por el deterioro de la situaci\u00f3n en la capital libia.<\/p>\n<p style=\"text-align: justify;\">&#8211; El Kremlin asegura que deshacerse de las armas nucleares es una exigencia mundial.<\/p>\n<p><span style=\"color: #0000ff;\">F. Marouf\/ R. Rashed\u00a0<\/span><\/p>\n","protected":false},"excerpt":{"rendered":"<p>Damasco, SANA Los principales diarios y medios de comunicaci\u00f3n sirios destacaron los siguientes titulares del \u00e1mbito nacional e internacional: &#8211; Contin\u00faan actividades del Festival de la Primavera en la provincia de Hama\u2026 una oportunidad para la compra, el turismo y la recreaci\u00f3n. &#8211; Comienzan obras del proyecto de rehabilitar la iluminaci\u00f3n p\u00fablica de las calles &hellip;<\/p>\n","protected":false},"author":31,"featured_media":105771,"comment_status":"closed","ping_status":"closed","sticky":false,"template":"","format":"standard","meta":{"footnotes":""},"categories":[555,597,7541],"tags":[15180],"class_list":["post-105770","post","type-post","status-publish","format-standard","has-post-thumbnail","","category-prensa","category-cinta-de-noticias","category-ultimas-noticias","tag-titulares-nacionales-e-internacionales-de-la-prensa-nacional-siria"],"_links":{"self":[{"href":"https:\/\/archive.sana.sy\/es\/index.php?rest_route=\/wp\/v2\/posts\/105770"}],"collection":[{"href":"https:\/\/archive.sana.sy\/es\/index.php?rest_route=\/wp\/v2\/posts"}],"about":[{"href":"https:\/\/archive.sana.sy\/es\/index.php?rest_route=\/wp\/v2\/types\/post"}],"author":[{"embeddable":true,"href":"https:\/\/archive.sana.sy\/es\/index.php?rest_route=\/wp\/v2\/users\/31"}],"replies":[{"embeddable":true,"href":"https:\/\/archive.sana.sy\/es\/index.php?rest_route=%2Fwp%2Fv2%2Fcomments&post=105770"}],"version-history":[{"count":0,"href":"https:\/\/archive.sana.sy\/es\/index.php?rest_route=\/wp\/v2\/posts\/105770\/revisions"}],"wp:featuredmedia":[{"embeddable":true,"href":"https:\/\/archive.sana.sy\/es\/index.php?rest_route=\/wp\/v2\/media\/105771"}],"wp:attachment":[{"href":"https:\/\/archive.sana.sy\/es\/index.php?rest_route=%2Fwp%2Fv2%2Fmedia&parent=105770"}],"wp:term":[{"taxonomy":"category","embeddable":true,"href":"https:\/\/archive.sana.sy\/es\/index.php?rest_route=%2Fwp%2Fv2%2Fcategories&post=105770"},{"taxonomy":"post_tag","embeddable":true,"href":"https:\/\/archive.sana.sy\/es\/index.php?rest_route=%2Fwp%2Fv2%2Ftags&post=105770"}],"curies":[{"name":"wp","href":"https:\/\/api.w.org\/{rel}","templated":true}]}}