{"id":105778,"date":"2019-04-28T10:44:48","date_gmt":"2019-04-28T07:44:48","guid":{"rendered":"https:\/\/www.sana.sy\/es\/?p=105778"},"modified":"2019-04-28T20:19:48","modified_gmt":"2019-04-28T17:19:48","slug":"ejercito-destruye-vehiculos-belicos-de-los-terroristas-en-hama-e-idleb","status":"publish","type":"post","link":"https:\/\/archive.sana.sy\/es\/?p=105778","title":{"rendered":"Ej\u00e9rcito destruye veh\u00edculos b\u00e9licos de los terroristas en Hama e Idleb"},"content":{"rendered":"<p><span style=\"color: #800000\">Hama, SANA<\/span><\/p>\n<p style=\"text-align: justify\">Persisten los grupos terroristas en sus ataques contra la poblaci\u00f3n civil en los poblados del norte de Hama, en una violaci\u00f3n al acuerdo de zona de distenci\u00f3n que rige la provincia de Idleb y sus alrededores.<\/p>\n<p style=\"text-align: justify\">En respuesta a las violaciones terroristas, las unidades de avanzada del ej\u00e9rcito bombardearon con artiller\u00eda y misiles a concentraciones y sedes de los radicales armados a lo largo de toda la l\u00ednea del frente entre las provincias de Idleb y Hama.<\/p>\n<p style=\"text-align: justify\">Los bombardeos saldaron en la destrucci\u00f3n de varios veh\u00edculos b\u00e9licos de los terroristas en el poblado de Habit, en el sur de la provincia de Idleb.<\/p>\n<p style=\"text-align: justify\">De igual manera, varios terroristas fueron abatidos y otros resultaron lesionados en los operativos del ej\u00e9rcito contra sedes y escondites de las agrupaciones radicales en el poblado de Sahrieh ubicada en las inmediaciones del monte Shajeshbo, en el norte de Hama.<\/p>\n<p>En otro contexto, el ej\u00e9rcito sirio abort\u00f3 un intento de infiltraci\u00f3n de un grupo terrorista perteneciente a la organizaci\u00f3n terrorista del frente Al-Nusra cerca de la ciudad de Alepo.<\/p>\n<p>Seg\u00fan informaciones, el grupo intent\u00f3 infiltrarse por el eje Family House, mientras que las unidades del ej\u00e9rcito sirio hicieron frente a los terroristas y acabaron con tres de ellos.<\/p>\n<p><span style=\"color: #0000ff\">F. Marouf\/ R. Rashed-Y.K.<\/span><\/p>\n","protected":false},"excerpt":{"rendered":"<p>Hama, SANA Persisten los grupos terroristas en sus ataques contra la poblaci\u00f3n civil en los poblados del norte de Hama, en una violaci\u00f3n al acuerdo de zona de distenci\u00f3n que rige la provincia de Idleb y sus alrededores. En respuesta a las violaciones terroristas, las unidades de avanzada del ej\u00e9rcito bombardearon con artiller\u00eda y misiles &hellip;<\/p>\n","protected":false},"author":31,"featured_media":105785,"comment_status":"closed","ping_status":"closed","sticky":false,"template":"","format":"standard","meta":{"footnotes":""},"categories":[597,573,7541],"tags":[15183],"class_list":["post-105778","post","type-post","status-publish","format-standard","has-post-thumbnail","","category-cinta-de-noticias","category-la-realidad-de-los-acontecimientos-en-siria","category-ultimas-noticias","tag-ejercito-destruye-vehiculos-belicos-de-los-terroristas-en-hama-e-idleb"],"_links":{"self":[{"href":"https:\/\/archive.sana.sy\/es\/index.php?rest_route=\/wp\/v2\/posts\/105778"}],"collection":[{"href":"https:\/\/archive.sana.sy\/es\/index.php?rest_route=\/wp\/v2\/posts"}],"about":[{"href":"https:\/\/archive.sana.sy\/es\/index.php?rest_route=\/wp\/v2\/types\/post"}],"author":[{"embeddable":true,"href":"https:\/\/archive.sana.sy\/es\/index.php?rest_route=\/wp\/v2\/users\/31"}],"replies":[{"embeddable":true,"href":"https:\/\/archive.sana.sy\/es\/index.php?rest_route=%2Fwp%2Fv2%2Fcomments&post=105778"}],"version-history":[{"count":0,"href":"https:\/\/archive.sana.sy\/es\/index.php?rest_route=\/wp\/v2\/posts\/105778\/revisions"}],"wp:featuredmedia":[{"embeddable":true,"href":"https:\/\/archive.sana.sy\/es\/index.php?rest_route=\/wp\/v2\/media\/105785"}],"wp:attachment":[{"href":"https:\/\/archive.sana.sy\/es\/index.php?rest_route=%2Fwp%2Fv2%2Fmedia&parent=105778"}],"wp:term":[{"taxonomy":"category","embeddable":true,"href":"https:\/\/archive.sana.sy\/es\/index.php?rest_route=%2Fwp%2Fv2%2Fcategories&post=105778"},{"taxonomy":"post_tag","embeddable":true,"href":"https:\/\/archive.sana.sy\/es\/index.php?rest_route=%2Fwp%2Fv2%2Ftags&post=105778"}],"curies":[{"name":"wp","href":"https:\/\/api.w.org\/{rel}","templated":true}]}}