{"id":105779,"date":"2019-04-28T10:02:23","date_gmt":"2019-04-28T07:02:23","guid":{"rendered":"https:\/\/www.sana.sy\/es\/?p=105779"},"modified":"2023-01-10T15:15:47","modified_gmt":"2023-01-10T13:15:47","slug":"recientes-noticias-sobre-la-recuperacion-de-siria-del-terrorismo-y-la-guerra-impuesta","status":"publish","type":"post","link":"https:\/\/archive.sana.sy\/es\/?p=105779","title":{"rendered":"Recientes noticias sobre la recuperaci\u00f3n de Siria del terrorismo y la guerra impuesta"},"content":{"rendered":"<p style=\"text-align: justify;\"><span style=\"color: #800000;\">Damasco, SANA<\/span><\/p>\n<p style=\"text-align: justify;\">Pese a las sanciones y la guerra econ\u00f3mica, Siria logr\u00f3 notable resultados en la recuperaci\u00f3n de sus sectores de la industria, la agricultura, el comercio y la salud, mientras miles de refugiados sirios volvieron a sus hogares en las zonas liberadas del terrorismo.<\/p>\n<p style=\"text-align: justify;\">A continuaci\u00f3n les ofrecemos las noticias m\u00e1s importantes al respecto:<\/p>\n<p style=\"text-align: justify;\"><span style=\"color: #0000ff;\">M\u00e1s de 19 mil refugiados retornaron a trav\u00e9s del cruce fronterizo de Nassib con Jordania<\/span><\/p>\n<p style=\"text-align: justify;\">Procedentes del campamento de refugiados Al-Azrak en Jordania, decenas de sirios ingresaron en el pa\u00eds en las \u00faltimas horas a trav\u00e9s del cruce fronterizo de Nassib con Jordania.<\/p>\n<p style=\"text-align: justify;\">El retorno de los refugiados coincide con una movilizaci\u00f3n de las diferentes instituciones gubernamentales que tomaron todas las medidas para garantizar un retorno seguro y \u00e1gil de los refugiados a sus hogares en los poblados liberados del terrorismo.<\/p>\n<p style=\"text-align: justify;\">En este sentido, decenas de autobuses y camiones trasladaron a los refugiados retornados y transportaron sus bultos a la terminal de \u00f3mnibus de la ciudad de Deraa, donde tomar\u00e1n medios de transporte para dirigirse a sus ciudades y pueblos liberados del terrorismo.<\/p>\n<p style=\"text-align: justify;\">El coronel Mazen Ghandur, jefe del Centro de Migraci\u00f3n y Pasaportes en el cruce fronterizo de Nassib, revel\u00f3 que hasta la fecha, 19.100 refugiados volvieron a trav\u00e9s del referido paso desde su reapertura a medianos de octubre pasado.<\/p>\n<p style=\"text-align: justify;\">Indic\u00f3 que las autoridades migratorias facilitan el ingreso de todos los refugiados retornados, incluso los indocumentados y los que tuvieron que salir ilegalmente del pa\u00eds.<\/p>\n<p style=\"text-align: justify;\">Seg\u00fan datos revelados por el jefe del Centro Nacional de Defensa de Rusia, regresaron m\u00e1s de un mill\u00f3n 72 mil desplazados sirios incluidos m\u00e1s de 429 mil refugiados procedentes de territorios extranjeros&#8221;.<\/p>\n<p style=\"text-align: justify;\"><span style=\"color: #0000ff;\">Compa\u00f1\u00eda rusa invertir\u00e1 500 millones de d\u00f3lares para ampliar el puerto de Tartous<\/span><\/p>\n<p style=\"text-align: justify;\">El ministro de Transporte sirio, Ali Hammud, dijo este martes que las instalaciones del puerto de Tartous son viejas y los muelles del mismo tienen una profundidad de 4 a 13 metros y no tiene capacidad de recibir a barcos que tengan m\u00e1s de 35 mil toneladas de carga.<\/p>\n<p style=\"text-align: justify;\">\u201cModernizar el puerto para que reciba a barcos con m\u00e1s de 100 toneladas de carga requiere altas sumas de dinero que el Estado sirio no dispone en la actualidad\u201d, explic\u00f3 el titular de Transporte en declaraciones a la prensa tras una sesi\u00f3n del Consejo de Ministro sirio.<\/p>\n<p style=\"text-align: justify;\">El ministro Hamoud revel\u00f3 que no es la primera vez que una compa\u00f1\u00eda extranjera administre a un puerto sirio, ya que una empresa sirio-francesa gestiona actualmente el puerto de Latakia, y la compa\u00f1\u00eda filipina que estaba a cargo de la gesti\u00f3n del puerto de Tartous dej\u00f3 de trabajar con el inicio d la guerra contra Siria en 2011.<\/p>\n<p style=\"text-align: justify;\">Explic\u00f3 adem\u00e1s que una compa\u00f1\u00eda rusa invertir\u00e1 m\u00e1s de 500 millones de d\u00f3lares para ampliar el puerto mar\u00edtimo de Tartous, sin tener que despedir a ning\u00fan trabajador.<\/p>\n<p style=\"text-align: justify;\">\u201cEste paso posibilitar\u00e1 que el puerto reciba alrededor de dos millones de contenedores anualmente, mientras en la actualidad s\u00f3lo recibe de 15 a 20 mil contenedores\u201d, precis\u00f3.<\/p>\n<p style=\"text-align: justify;\">En su comentario sobre el permiso que dio el gobierno para la aviaci\u00f3n civil qatar\u00ed para usar el espacio a\u00e9reo sirio, Hamoud manifest\u00f3 que \u201clas compa\u00f1\u00edas de aviaci\u00f3n perdieron mucho a no usar el espacio a\u00e9reo sirio y ahora solicitan volver a usarlo tras las victorias del ej\u00e9rcito sirio.<\/p>\n<p style=\"text-align: justify;\">\u201cEso lograr\u00e1 ingresos con millones de d\u00f3lares que el Estado sirio perd\u00eda durante los a\u00f1os de la guerra\u201d, concluy\u00f3.<\/p>\n<p style=\"text-align: justify;\"><span style=\"color: #0000ff;\">Gabinete debate formas de garantizar los derivados de petr\u00f3leo<\/span><\/p>\n<p style=\"text-align: justify;\">El Consejo de Ministros debati\u00f3 en su sesi\u00f3n semanal, las medidas tomadas recientemente para incrementar la producci\u00f3n local de combustibles, establecer nuevos puntos de distribuci\u00f3n y efectuar intervenci\u00f3n directa mediante la puesta en marcha de gasolineras m\u00f3viles y reparar las que est\u00e1n fuera de funcionamiento.<\/p>\n<p style=\"text-align: justify;\">En cuanto al tema de las importaciones a la luz de las medidas econ\u00f3micas unilaterales impuestas contra el pueblo sirio, el Gobierno afirm\u00f3 que se est\u00e1 trabajando las 24 horas del d\u00eda para normalizar el sector de derivados de petr\u00f3leo y abastecer a los ciudadanos con combustible.<\/p>\n<p style=\"text-align: justify;\">De igual manera, fue debatido el proyecto de delegar la gesti\u00f3n e inversi\u00f3n del puerto de Tartus a los amigos rusos, y se hizo \u00e9nfasis en la importancia de modernizar el puerto para que logre ingresos econ\u00f3micos y financieros, tanto para Siria como para Rusia.<\/p>\n<p style=\"text-align: justify;\"><span style=\"color: #0000ff;\">Presidente al-Assad decreta la creaci\u00f3n de la &#8220;Empresa Siria para Cereales\u201d<\/span><\/p>\n<p style=\"text-align: justify;\">El presidente Bashar al-Assad, promulg\u00f3 la Ley No. 11 que estipula la creaci\u00f3n de una empresa p\u00fablica de car\u00e1cter econ\u00f3mico con el nombre de la Empresa Estatal de Comercializaci\u00f3n, Almacenamiento y Procesamiento de Cereales (Empresa Siria para Cereales\u201d.<\/p>\n<p style=\"text-align: justify;\">La nueva instituci\u00f3n gozar\u00e1 de una personalidad aut\u00f3noma jur\u00eddica, administrativa y financieramente.<\/p>\n<p style=\"text-align: justify;\">Seg\u00fan la ley, la sede de la nueva empresa ser\u00e1 la ciudad de Hassakeh, capital d la provincia mayor productora de cereales en el pa\u00eds.<\/p>\n<p style=\"text-align: justify;\"><span style=\"color: #0000ff;\">Compa\u00f1\u00edas de 26 pa\u00edses participaron en las ferias sirias especializadas<\/span><\/p>\n<p style=\"text-align: justify;\">Clausuraron recientemente tres ferias sirias especializadas en los campos de la construcci\u00f3n, la industria, la maquinaria, la electricidad y la energ\u00eda renovable.<\/p>\n<p style=\"text-align: justify;\">Participaron en las ferias que durar\u00e1n hasta el pr\u00f3ximo d\u00eda 27 en el recinto de exposiciones en las afueras de Damasco, m\u00e1s de 250 compa\u00f1\u00edas de 26 pa\u00edses \u00e1rabes y extranjeros, entre ellos: Italia, Hungr\u00eda, Kuwait, Emiratos \u00c1rabes Unidos, Om\u00e1n, L\u00edbano, Egipto, Ir\u00e1n, Jordania, China e India.<\/p>\n<p style=\"text-align: justify;\">Las &#8220;Ferias Especializadas Sirias&#8221; organizadas por el Grupo Internacional &#8220;Tayara&#8221; para Ferias y Conferencias incluyeron tres eventos y son: La Feria Internacional Siria de Construcci\u00f3n e Infraestructura (Me Build Show), organizada en cooperaci\u00f3n con el Ministerio de Obras P\u00fablicas y Vivienda; la Feria Internacional Siria de Maquinaria y Equipos Industriales (SINEX), que se organiza en cooperaci\u00f3n con el Ministerio de Industria; y la Feria Internacional Siria de Electricidad, Mec\u00e1nica y Obras Hidr\u00e1ulicas (SYRIA Energy 2019), que se organiza en cooperaci\u00f3n con el Ministerio de Electricidad.<\/p>\n<p style=\"text-align: justify;\">En declaraciones a la prensa, el ministro de Industria, Mohammed Yazbeh, dijo que las tres ferias constituyen un evento econ\u00f3mico importante que muestran las capacidades de Siria pese a la guerra impuesta y el bloqueo econ\u00f3mico.<\/p>\n<p style=\"text-align: justify;\">Mowafaq Tayara, director del el grupo Internacional &#8220;Tayara&#8221;, dijo que las tres ferias tienen como objetivo crear una plataforma directa para establecer contacto entre empresas nacionales, \u00e1rabes y extranjeras.<\/p>\n<p style=\"text-align: justify;\"><span style=\"color: #0000ff;\">Ministerio de Salud lanz\u00f3 jornada nacional de vacunaci\u00f3n<\/span><\/p>\n<p style=\"text-align: justify;\">El Ministerio de Salud lanz\u00f3 la Jornada Nacional de Vacunaci\u00f3n que abarca a todos los ni\u00f1os menores de cinco a\u00f1os e incluye las 11 vacunas que contempla el Programa Nacional de Vacunas.<\/p>\n<p style=\"text-align: justify;\">La jornada de vacunaci\u00f3n tiene como objetivo completar las vacunas faltantes en las tarjetas de vacunaci\u00f3n o mediante la informaci\u00f3n proporcionada por la madre en caso de que el ni\u00f1o no tenga tarjeta.<\/p>\n<p style=\"text-align: justify;\">Las vacunas se proporcionan en todos los centros de salud en las provincias y tambi\u00e9n en varios centros de salud temporales.<\/p>\n<p style=\"text-align: justify;\">El jefe del Departamento de Atenci\u00f3n Primaria del ministerio de Salud, Fadi Qasis, hab\u00eda declarado que el Programa Nacional de Vacunaci\u00f3n incluye 11 vacunas y abarcar\u00e1 a alrededor de dos millones 800 mil ni\u00f1os.<\/p>\n<p style=\"text-align: justify;\">A su vez, la representante de la OMS en Siria, Elizabeth Hoff, dijo que el \u00edndice de cobertura de la vacunaci\u00f3n de ni\u00f1os en Siria es una de los mejores a nivel mundial, a pesar de las dif\u00edciles circunstancias generadas por la guerra.<\/p>\n<p style=\"text-align: justify;\">\u201cLo llamativo en Siria es que los locales de todas las zonas, incluidas las rurales, piden que sus ni\u00f1os sean vacunados lo cual refleja el alto grado de sensibilizaci\u00f3n y conciencia del pueblo sirio\u201d, indic\u00f3 Hoff.<\/p>\n<p style=\"text-align: justify;\"><span style=\"color: #0000ff;\">Estiman en dos millones de toneladas la producci\u00f3n de trigo y cebada este a\u00f1o en Hassakeh<\/span><\/p>\n<p style=\"text-align: justify;\">El Directorio de Agricultura en la provincia de Hassakeh estim\u00f3 que la producci\u00f3n de trigo y cebada ser\u00eda alrededor de dos millones de toneladas.<\/p>\n<p style=\"text-align: justify;\">El codirector de Agricultura de la provincia, Rajab Salama, dijo que las estimaciones primarias basadas en evaluaciones experimentales prev\u00e9n una producci\u00f3n de alrededor de 2 millones de toneladas de granos (un mill\u00f3n y 150 mil de cebada y 850 mil de trigo).<\/p>\n<p style=\"text-align: justify;\">Cabe destacar que el \u00e1rea cultivada de trigo y cebada en la provincia de Hassakeh para la temporada actual, asciende a 910 mil hect\u00e1reas.<\/p>\n<p style=\"text-align: justify;\"><span style=\"color: #0000ff;\">Foro del Intercambio Econ\u00f3mico \u00c1rabe llama a levantar las medidas coercitivas aplicadas contra Siria<\/span><\/p>\n<p style=\"text-align: justify;\">El Foro del Intercambio Econ\u00f3mico \u00c1rabe que clausur\u00f3 recientemente en Damasco exigi\u00f3 el levantamiento de las medidas econ\u00f3micas coercitivas unilaterales impuestas al pueblo sirio.<\/p>\n<p style=\"text-align: justify;\">En una declaraci\u00f3n emitida al t\u00e9rmino del evento, los participantes resaltaron la necesidad de reactivar la complementariedad econ\u00f3mica \u00e1rabe, mejorar el volumen del inter-comercio, y abrir nuevos mercados \u00e1rabes.<\/p>\n<p style=\"text-align: justify;\">Asimismo, instaron a apoyar las exportaciones sirias y realizar inversiones en Siria por la ubicaci\u00f3n geogr\u00e1fica trascendente de esta naci\u00f3n.<\/p>\n<p style=\"text-align: justify;\">Llamaron adem\u00e1s, a desarrollar las relaciones comerciales entre los pa\u00edses \u00e1rabes y elevar la capacidad de competici\u00f3n de los sectores de producci\u00f3n \u00e1rabes.<\/p>\n<p style=\"text-align: justify;\"><span style=\"color: #0000ff;\">Campanas de la catedral cat\u00f3lica de Alepo vuelven a sonar<\/span><\/p>\n<p style=\"text-align: justify;\">La catedral cat\u00f3lica de Nuestra Se\u00f1ora en la ciudad de Alepo reabri\u00f3 sus puertas hoy en barrio de Jadideh en el casco antiguo de Alepo.<\/p>\n<p style=\"text-align: justify;\">La catedral fue sometida a obras de rehabilitaci\u00f3n y restauraci\u00f3n de los da\u00f1os que sufri\u00f3 a consecuencia de los ataques terroristas.<\/p>\n<p style=\"text-align: justify;\">Las campanas de la catedral volvieron a sonar y se celebr\u00f3 una misa en la que participaron representantes de las diferentes comunidades cristianas en Alepo.<\/p>\n<p style=\"text-align: justify;\">El patriarca de Antioqu\u00eda y Todo Oriente, Joseph Al-Absi, afirm\u00f3 que la reapertura de la iglesia es un indicador simb\u00f3lico de que Siria ha recuperado su belleza y vitalidad.<\/p>\n<p style=\"text-align: justify;\">\u201cEs un mensaje al mundo de que Siria sigue y seguir\u00e1 siendo la tierra de la paz y el amor\u201d, agreg\u00f3 el patriarca.<\/p>\n<p style=\"text-align: justify;\">Los trabajos de restauraci\u00f3n incluyeron las c\u00fapulas de la iglesia y los techos colapsados utilizando materiales que homogenizan con los muros y techos antiguos.<\/p>\n<p style=\"text-align: justify;\">El nuncio apost\u00f3lico en Damasco, el cardenal Mario Zenari, transmiti\u00f3 en sus palabras las felicitaciones del Vaticano por la reapertura de la catedral y expres\u00f3 su aprecio por los esfuerzos realizados para reabrirla.<\/p>\n<p style=\"text-align: justify;\"><span style=\"color: #0000ff;\">F. Marouf\/ R. Rashed\u00a0<\/span><\/p>\n","protected":false},"excerpt":{"rendered":"<p>Damasco, SANA Pese a las sanciones y la guerra econ\u00f3mica, Siria logr\u00f3 notable resultados en la recuperaci\u00f3n de sus sectores de la industria, la agricultura, el comercio y la salud, mientras miles de refugiados sirios volvieron a sus hogares en las zonas liberadas del terrorismo. A continuaci\u00f3n les ofrecemos las noticias m\u00e1s importantes al respecto: &hellip;<\/p>\n","protected":false},"author":31,"featured_media":105780,"comment_status":"closed","ping_status":"closed","sticky":false,"template":"","format":"standard","meta":{"footnotes":""},"categories":[597,485,7541],"tags":[15182],"class_list":["post-105779","post","type-post","status-publish","format-standard","has-post-thumbnail","","category-cinta-de-noticias","category-informes-negocios-y-finanzas","category-ultimas-noticias","tag-recientes-noticias-sobre-la-recuperacion-de-siria-del-terrorismo-y-la-guerra-impuesta"],"_links":{"self":[{"href":"https:\/\/archive.sana.sy\/es\/index.php?rest_route=\/wp\/v2\/posts\/105779"}],"collection":[{"href":"https:\/\/archive.sana.sy\/es\/index.php?rest_route=\/wp\/v2\/posts"}],"about":[{"href":"https:\/\/archive.sana.sy\/es\/index.php?rest_route=\/wp\/v2\/types\/post"}],"author":[{"embeddable":true,"href":"https:\/\/archive.sana.sy\/es\/index.php?rest_route=\/wp\/v2\/users\/31"}],"replies":[{"embeddable":true,"href":"https:\/\/archive.sana.sy\/es\/index.php?rest_route=%2Fwp%2Fv2%2Fcomments&post=105779"}],"version-history":[{"count":0,"href":"https:\/\/archive.sana.sy\/es\/index.php?rest_route=\/wp\/v2\/posts\/105779\/revisions"}],"wp:featuredmedia":[{"embeddable":true,"href":"https:\/\/archive.sana.sy\/es\/index.php?rest_route=\/wp\/v2\/media\/105780"}],"wp:attachment":[{"href":"https:\/\/archive.sana.sy\/es\/index.php?rest_route=%2Fwp%2Fv2%2Fmedia&parent=105779"}],"wp:term":[{"taxonomy":"category","embeddable":true,"href":"https:\/\/archive.sana.sy\/es\/index.php?rest_route=%2Fwp%2Fv2%2Fcategories&post=105779"},{"taxonomy":"post_tag","embeddable":true,"href":"https:\/\/archive.sana.sy\/es\/index.php?rest_route=%2Fwp%2Fv2%2Ftags&post=105779"}],"curies":[{"name":"wp","href":"https:\/\/api.w.org\/{rel}","templated":true}]}}