{"id":105836,"date":"2019-04-28T10:50:36","date_gmt":"2019-04-28T07:50:36","guid":{"rendered":"https:\/\/www.sana.sy\/es\/?p=105836"},"modified":"2019-04-28T19:22:52","modified_gmt":"2019-04-28T16:22:52","slug":"expatriados-en-paises-bajos-organizan-una-carpa-de-patria","status":"publish","type":"post","link":"https:\/\/archive.sana.sy\/es\/?p=105836","title":{"rendered":"Expatriados en Pa\u00edses Bajos organizan &#8220;Una Carpa de Patria&#8221;"},"content":{"rendered":"<p><span style=\"color: #800000;\">Amsterdam-SANA<\/span><\/p>\n<p style=\"text-align: justify;\">La Comisi\u00f3n Nacional para Expatriados Sirios en \u00c1msterdam, Holanda, ha organizado &#8220;Una Carpa de Patria&#8221;, que da la oportunidad a los holandeses y extranjeros conocer la cultura y civilizaci\u00f3n de Siria.<\/p>\n<p style=\"text-align: justify;\">En una declaraci\u00f3n concedida a SANA, el Presidente la Comisi\u00f3n, Malek Samuel, dijo que esta actividad viene en el marco de la participaci\u00f3n de los expatriados sirios en Holanda en las actividades del &#8220;D\u00eda del Rey&#8221;, opinando que \u00a8la participaci\u00f3n de los sirios en las celebraciones nacionales de los pa\u00edses en donde residen en el extranjero es una oportunidad para transmitir la cultura, historia, patrimonio y las atracciones tur\u00edsticas a otros pueblos.<\/p>\n<p style=\"text-align: justify;\">Samuel dijo que el 27 de abril Holanda celebra el D\u00eda del Rey, donde la capital \u00c1msterdam recibe alrededor de 700 mil visitantes, destacando que \u00a8es la octava participaci\u00f3n de la comunidad siria en esta ocasi\u00f3n\u00a8, oportunidad en la que la comunidad siria reitera que Siria es la cuna de las civilizaciones.<\/p>\n<p style=\"text-align: justify;\"><span style=\"color: #0000ff;\">E. Dubian\/ Y. K.<\/span><\/p>\n","protected":false},"excerpt":{"rendered":"<p>Amsterdam-SANA La Comisi\u00f3n Nacional para Expatriados Sirios en \u00c1msterdam, Holanda, ha organizado &#8220;Una Carpa de Patria&#8221;, que da la oportunidad a los holandeses y extranjeros conocer la cultura y civilizaci\u00f3n de Siria. En una declaraci\u00f3n concedida a SANA, el Presidente la Comisi\u00f3n, Malek Samuel, dijo que esta actividad viene en el marco de la participaci\u00f3n &hellip;<\/p>\n","protected":false},"author":32,"featured_media":105837,"comment_status":"closed","ping_status":"closed","sticky":false,"template":"","format":"standard","meta":{"footnotes":""},"categories":[597,467,7541],"tags":[15191],"class_list":["post-105836","post","type-post","status-publish","format-standard","has-post-thumbnail","","category-cinta-de-noticias","category-siria-y-el-mundo","category-ultimas-noticias","tag-expatriados-en-paises-bajos-organizan-una-carpa-de-patria"],"_links":{"self":[{"href":"https:\/\/archive.sana.sy\/es\/index.php?rest_route=\/wp\/v2\/posts\/105836"}],"collection":[{"href":"https:\/\/archive.sana.sy\/es\/index.php?rest_route=\/wp\/v2\/posts"}],"about":[{"href":"https:\/\/archive.sana.sy\/es\/index.php?rest_route=\/wp\/v2\/types\/post"}],"author":[{"embeddable":true,"href":"https:\/\/archive.sana.sy\/es\/index.php?rest_route=\/wp\/v2\/users\/32"}],"replies":[{"embeddable":true,"href":"https:\/\/archive.sana.sy\/es\/index.php?rest_route=%2Fwp%2Fv2%2Fcomments&post=105836"}],"version-history":[{"count":0,"href":"https:\/\/archive.sana.sy\/es\/index.php?rest_route=\/wp\/v2\/posts\/105836\/revisions"}],"wp:featuredmedia":[{"embeddable":true,"href":"https:\/\/archive.sana.sy\/es\/index.php?rest_route=\/wp\/v2\/media\/105837"}],"wp:attachment":[{"href":"https:\/\/archive.sana.sy\/es\/index.php?rest_route=%2Fwp%2Fv2%2Fmedia&parent=105836"}],"wp:term":[{"taxonomy":"category","embeddable":true,"href":"https:\/\/archive.sana.sy\/es\/index.php?rest_route=%2Fwp%2Fv2%2Fcategories&post=105836"},{"taxonomy":"post_tag","embeddable":true,"href":"https:\/\/archive.sana.sy\/es\/index.php?rest_route=%2Fwp%2Fv2%2Ftags&post=105836"}],"curies":[{"name":"wp","href":"https:\/\/api.w.org\/{rel}","templated":true}]}}