{"id":105858,"date":"2019-04-29T17:24:34","date_gmt":"2019-04-29T14:24:34","guid":{"rendered":"https:\/\/sana.sy\/es\/?p=105858"},"modified":"2019-04-30T10:35:39","modified_gmt":"2019-04-30T07:35:39","slug":"patriarca-yazji-el-golan-permanecera-siendo-sirio","status":"publish","type":"post","link":"https:\/\/archive.sana.sy\/es\/?p=105858","title":{"rendered":"Patriarca Yazji insta a levantar el bloqueo econ\u00f3mico impuesto al pueblo sirio"},"content":{"rendered":"<p style=\"text-align: justify;\"><span style=\"color: #800000;\">Damasco, SANA<\/span><\/p>\n<p style=\"text-align: justify;\">Con motivo de la Pascua, se celebr\u00f3 este lunes en la Catedral de Mar\u00eda en la capital Damasco, una misa que fue oficiada por su beatitud Yohana X Yazji, Patriarca de Antioqu\u00eda y Todo Oriente para la Iglesia Greco-ortodoxa.<\/p>\n<p style=\"text-align: justify;\">\u201cOramos por la unidad y la paz en cada palmo del territorio sirio, incluido el Gol\u00e1n sirio ocupado que se mantendr\u00e1 en nuestros corazones\u201d, dijo el patriarca en un serm\u00f3n.<\/p>\n<p style=\"text-align: justify;\">Inst\u00f3 a la comunidad internacional a levantar el injusto bloqueo econ\u00f3mico impuesto al pueblo sirio por ser una de las formas de la guerra.<\/p>\n<p style=\"text-align: justify;\">El patriarca or\u00f3 para que Dios proteja a Siria, su pueblo, su valiente ej\u00e9rcito y su l\u00edder Bashar al-Assad.<\/p>\n<p style=\"text-align: justify;\">Concluy\u00f3 su serm\u00f3n con sinceras oraciones por la paz y la tranquilidad en Siria y todo el mundo entero.<\/p>\n<p style=\"text-align: justify;\"><span style=\"color: #0000ff;\">E. Dubian\/ Riad Sh.\/ F. Marouf<\/span><\/p>\n","protected":false},"excerpt":{"rendered":"<p>Damasco, SANA Con motivo de la Pascua, se celebr\u00f3 este lunes en la Catedral de Mar\u00eda en la capital Damasco, una misa que fue oficiada por su beatitud Yohana X Yazji, Patriarca de Antioqu\u00eda y Todo Oriente para la Iglesia Greco-ortodoxa. \u201cOramos por la unidad y la paz en cada palmo del territorio sirio, incluido &hellip;<\/p>\n","protected":false},"author":32,"featured_media":105859,"comment_status":"closed","ping_status":"closed","sticky":false,"template":"","format":"standard","meta":{"footnotes":""},"categories":[597,476,7541],"tags":[15201],"class_list":["post-105858","post","type-post","status-publish","format-standard","has-post-thumbnail","","category-cinta-de-noticias","category-locales","category-ultimas-noticias","tag-patriarca-yazji-insta-a-levantar-el-bloqueo-economico-impuesto-al-pueblo-sirio"],"_links":{"self":[{"href":"https:\/\/archive.sana.sy\/es\/index.php?rest_route=\/wp\/v2\/posts\/105858"}],"collection":[{"href":"https:\/\/archive.sana.sy\/es\/index.php?rest_route=\/wp\/v2\/posts"}],"about":[{"href":"https:\/\/archive.sana.sy\/es\/index.php?rest_route=\/wp\/v2\/types\/post"}],"author":[{"embeddable":true,"href":"https:\/\/archive.sana.sy\/es\/index.php?rest_route=\/wp\/v2\/users\/32"}],"replies":[{"embeddable":true,"href":"https:\/\/archive.sana.sy\/es\/index.php?rest_route=%2Fwp%2Fv2%2Fcomments&post=105858"}],"version-history":[{"count":0,"href":"https:\/\/archive.sana.sy\/es\/index.php?rest_route=\/wp\/v2\/posts\/105858\/revisions"}],"wp:featuredmedia":[{"embeddable":true,"href":"https:\/\/archive.sana.sy\/es\/index.php?rest_route=\/wp\/v2\/media\/105859"}],"wp:attachment":[{"href":"https:\/\/archive.sana.sy\/es\/index.php?rest_route=%2Fwp%2Fv2%2Fmedia&parent=105858"}],"wp:term":[{"taxonomy":"category","embeddable":true,"href":"https:\/\/archive.sana.sy\/es\/index.php?rest_route=%2Fwp%2Fv2%2Fcategories&post=105858"},{"taxonomy":"post_tag","embeddable":true,"href":"https:\/\/archive.sana.sy\/es\/index.php?rest_route=%2Fwp%2Fv2%2Ftags&post=105858"}],"curies":[{"name":"wp","href":"https:\/\/api.w.org\/{rel}","templated":true}]}}