{"id":105869,"date":"2019-04-29T22:24:52","date_gmt":"2019-04-29T19:24:52","guid":{"rendered":"https:\/\/sana.sy\/es\/?p=105869"},"modified":"2019-04-30T11:04:55","modified_gmt":"2019-04-30T08:04:55","slug":"terroristas-realizan-operaciones-de-excavacion-en-efrin","status":"publish","type":"post","link":"https:\/\/archive.sana.sy\/es\/?p=105869","title":{"rendered":"Bajo supervisi\u00f3n turca, los terroristas llevan a cabo excavaciones arqueol\u00f3gicas ilegales en Afr\u00edn"},"content":{"rendered":"<p style=\"text-align: justify;\"><span style=\"color: #800000;\">Alepo, SANA<\/span><\/p>\n<p style=\"text-align: justify;\">Los grupos terroristas est\u00e1n llevando a cabo excavaciones arqueol\u00f3gicas ilegales en las tierras agr\u00edcolas y las colinas del municipio de Afr\u00edn al noroeste de Alepo.<\/p>\n<p style=\"text-align: justify;\">\u201cLas excavaciones para buscar antig\u00fcedades se est\u00e1n realizando bajo supervisi\u00f3n de las fuerzas de ocupaci\u00f3n turcas\u201d, revelaron fuentes locales.<\/p>\n<p style=\"text-align: justify;\">Agregaron que las excavaciones se producen en varios cementerios y sitios arqueol\u00f3gicos en Afr\u00edn, particularmente en la colina del poblado de Jenderes y el sitio de Nabi Huri.<\/p>\n<p style=\"text-align: justify;\">\u201cAlgunos terroristas utilizan m\u00e1quinas de excavaci\u00f3n sofisticadas que obtuvieron a trav\u00e9s de Turqu\u00eda y disponen de mapas que fueron robados con anterioridad de los departamentos de antig\u00fcedades y museos de varias ciudades\u201d, explicaron.<\/p>\n<p style=\"text-align: justify;\">Las fuentes compararon lo que sucede con lo que sufrieron las zonas industriales de Alepo, donde decenas de f\u00e1bricas fueron desmanteladas, saqueadas y sacadas al territorio turco.<\/p>\n<p style=\"text-align: justify;\">En marzo del a\u00f1o pasado, las tropas turcas invadieron la zona de Afr\u00edn donde deportaron a miles de civiles de sus hogares, y su invasi\u00f3n caus\u00f3 la muerte y heridas de m\u00e1s mil 100 civiles.<\/p>\n<p style=\"text-align: justify;\"><span style=\"color: #0000ff;\">Y. K.\/ F. Marouf\/ E. Dubian<\/span><\/p>\n","protected":false},"excerpt":{"rendered":"<p>Alepo, SANA Los grupos terroristas est\u00e1n llevando a cabo excavaciones arqueol\u00f3gicas ilegales en las tierras agr\u00edcolas y las colinas del municipio de Afr\u00edn al noroeste de Alepo. \u201cLas excavaciones para buscar antig\u00fcedades se est\u00e1n realizando bajo supervisi\u00f3n de las fuerzas de ocupaci\u00f3n turcas\u201d, revelaron fuentes locales. Agregaron que las excavaciones se producen en varios cementerios &hellip;<\/p>\n","protected":false},"author":1,"featured_media":105870,"comment_status":"closed","ping_status":"closed","sticky":false,"template":"","format":"standard","meta":{"footnotes":""},"categories":[597,476,7541],"tags":[15200],"class_list":["post-105869","post","type-post","status-publish","format-standard","has-post-thumbnail","","category-cinta-de-noticias","category-locales","category-ultimas-noticias","tag-bajo-supervision-turca-los-terroristas-llevan-a-cabo-excavaciones-arqueologicas-ilegales-en-afrin"],"_links":{"self":[{"href":"https:\/\/archive.sana.sy\/es\/index.php?rest_route=\/wp\/v2\/posts\/105869"}],"collection":[{"href":"https:\/\/archive.sana.sy\/es\/index.php?rest_route=\/wp\/v2\/posts"}],"about":[{"href":"https:\/\/archive.sana.sy\/es\/index.php?rest_route=\/wp\/v2\/types\/post"}],"author":[{"embeddable":true,"href":"https:\/\/archive.sana.sy\/es\/index.php?rest_route=\/wp\/v2\/users\/1"}],"replies":[{"embeddable":true,"href":"https:\/\/archive.sana.sy\/es\/index.php?rest_route=%2Fwp%2Fv2%2Fcomments&post=105869"}],"version-history":[{"count":0,"href":"https:\/\/archive.sana.sy\/es\/index.php?rest_route=\/wp\/v2\/posts\/105869\/revisions"}],"wp:featuredmedia":[{"embeddable":true,"href":"https:\/\/archive.sana.sy\/es\/index.php?rest_route=\/wp\/v2\/media\/105870"}],"wp:attachment":[{"href":"https:\/\/archive.sana.sy\/es\/index.php?rest_route=%2Fwp%2Fv2%2Fmedia&parent=105869"}],"wp:term":[{"taxonomy":"category","embeddable":true,"href":"https:\/\/archive.sana.sy\/es\/index.php?rest_route=%2Fwp%2Fv2%2Fcategories&post=105869"},{"taxonomy":"post_tag","embeddable":true,"href":"https:\/\/archive.sana.sy\/es\/index.php?rest_route=%2Fwp%2Fv2%2Ftags&post=105869"}],"curies":[{"name":"wp","href":"https:\/\/api.w.org\/{rel}","templated":true}]}}