{"id":105879,"date":"2019-04-29T22:20:50","date_gmt":"2019-04-29T19:20:50","guid":{"rendered":"https:\/\/www.sana.sy\/es\/?p=105879"},"modified":"2023-01-10T15:15:47","modified_gmt":"2023-01-10T13:15:47","slug":"siria-participa-en-exposicion-de-horticultura-de-beijing","status":"publish","type":"post","link":"https:\/\/archive.sana.sy\/es\/?p=105879","title":{"rendered":"Siria participa en Exposici\u00f3n de Horticultura de Beijing"},"content":{"rendered":"<p style=\"text-align: justify;\"><span style=\"color: #800000;\">Beijing-SANA<\/span><\/p>\n<p style=\"text-align: justify;\">Bajo el lema \u201cVida verde\u2026Vida mejor\u201d, se inaugur\u00f3 este lunes la Exposici\u00f3n Internacional de Horticultura 2019 de Beijing en la capital china de Beijing, con la participaci\u00f3n de Siria y m\u00e1s de 110 pa\u00edses y organizaciones \u00e1rabes e internacionales.<\/p>\n<p style=\"text-align: justify;\">El Director General del Establecimiento para el Apoyo y Desarrollo de la Producci\u00f3n Nacional y Exportaciones, Ibrahim Meda, ha declarado a SANA que 6 empresas sirias participan en la Exposici\u00f3n de Beijing, y agrega que se presta un especial atenci\u00f3n a la flor damascena, los aceites sirios y productos alimenticios sirios con una alta demanda en los mercados extranjeros.<\/p>\n<p style=\"text-align: justify;\">&#8220;La exposici\u00f3n podr\u00eda ser una oportunidad importante para la comercializaci\u00f3n de los productos sirios en el mercado chino, as\u00ed como para construir relaciones comerciales s\u00f3lidas con otras empresas extranjeros&#8221;, a\u00f1adi\u00f3 Meda.<\/p>\n<p style=\"text-align: justify;\">Es de se\u00f1alar que la Exposici\u00f3n Internacional de Horticultura de Beijing se celebra bajo los auspicios del gobierno chino y dura 162 d\u00edas.<\/p>\n<p><span style=\"color: #0000ff;\">R. Rashed\/ Y. K.\u00a0<\/span><\/p>\n<p><img decoding=\"async\" src=\"http:\/\/www.sana.sy\/wp-content\/uploads\/2019\/04\/20-73.jpg\" \/><\/p>\n<p><img decoding=\"async\" src=\"http:\/\/www.sana.sy\/wp-content\/uploads\/2019\/04\/30-43.jpg\" \/><\/p>\n","protected":false},"excerpt":{"rendered":"<p>Beijing-SANA Bajo el lema \u201cVida verde\u2026Vida mejor\u201d, se inaugur\u00f3 este lunes la Exposici\u00f3n Internacional de Horticultura 2019 de Beijing en la capital china de Beijing, con la participaci\u00f3n de Siria y m\u00e1s de 110 pa\u00edses y organizaciones \u00e1rabes e internacionales. El Director General del Establecimiento para el Apoyo y Desarrollo de la Producci\u00f3n Nacional y &hellip;<\/p>\n","protected":false},"author":31,"featured_media":105880,"comment_status":"closed","ping_status":"closed","sticky":false,"template":"","format":"standard","meta":{"footnotes":""},"categories":[597,485,7541],"tags":[15198],"class_list":["post-105879","post","type-post","status-publish","format-standard","has-post-thumbnail","","category-cinta-de-noticias","category-informes-negocios-y-finanzas","category-ultimas-noticias","tag-siria-participa-en-exposicion-de-horticultura-de-beijing"],"_links":{"self":[{"href":"https:\/\/archive.sana.sy\/es\/index.php?rest_route=\/wp\/v2\/posts\/105879"}],"collection":[{"href":"https:\/\/archive.sana.sy\/es\/index.php?rest_route=\/wp\/v2\/posts"}],"about":[{"href":"https:\/\/archive.sana.sy\/es\/index.php?rest_route=\/wp\/v2\/types\/post"}],"author":[{"embeddable":true,"href":"https:\/\/archive.sana.sy\/es\/index.php?rest_route=\/wp\/v2\/users\/31"}],"replies":[{"embeddable":true,"href":"https:\/\/archive.sana.sy\/es\/index.php?rest_route=%2Fwp%2Fv2%2Fcomments&post=105879"}],"version-history":[{"count":0,"href":"https:\/\/archive.sana.sy\/es\/index.php?rest_route=\/wp\/v2\/posts\/105879\/revisions"}],"wp:featuredmedia":[{"embeddable":true,"href":"https:\/\/archive.sana.sy\/es\/index.php?rest_route=\/wp\/v2\/media\/105880"}],"wp:attachment":[{"href":"https:\/\/archive.sana.sy\/es\/index.php?rest_route=%2Fwp%2Fv2%2Fmedia&parent=105879"}],"wp:term":[{"taxonomy":"category","embeddable":true,"href":"https:\/\/archive.sana.sy\/es\/index.php?rest_route=%2Fwp%2Fv2%2Fcategories&post=105879"},{"taxonomy":"post_tag","embeddable":true,"href":"https:\/\/archive.sana.sy\/es\/index.php?rest_route=%2Fwp%2Fv2%2Ftags&post=105879"}],"curies":[{"name":"wp","href":"https:\/\/api.w.org\/{rel}","templated":true}]}}