{"id":105913,"date":"2019-04-30T13:12:57","date_gmt":"2019-04-30T10:12:57","guid":{"rendered":"https:\/\/sana.sy\/es\/?p=105913"},"modified":"2019-05-01T10:14:12","modified_gmt":"2019-05-01T07:14:12","slug":"intensos-bombardeos-artilleros-del-ejercito-contra-sedes-terroristas-en-hama","status":"publish","type":"post","link":"https:\/\/archive.sana.sy\/es\/?p=105913","title":{"rendered":"Intensos bombardeos artilleros del ej\u00e9rcito contra sedes terroristas en Hama"},"content":{"rendered":"<p style=\"text-align: justify;\"><span style=\"color: #800000;\">Hama-Idleb, SANA<\/span><\/p>\n<p style=\"text-align: justify;\">Las Fuerzas Armadas intensificaron sus bombardeos con artiller\u00eda contra las sedes de los grupos terroristas atrincherados en el campo noroeste de la provincia de Hama.<\/p>\n<p style=\"text-align: justify;\">Los bombardeos se llevaron a cabo en respuesta a las constantes violaciones de los grupos terroristas al acuerdo de zona de distenci\u00f3n que rige la provincia de Idleb y sus alrededores.<\/p>\n<p style=\"text-align: justify;\">\u201cVarios terroristas fueron abatidos en los bombardeos con artiller\u00eda de los militares contra cuarteles terroristas en la ciudad de Qalet Madiq y el poblado Al-Hawash&#8221;, inform\u00f3 el ej\u00e9rcito en una nota de prensa.<\/p>\n<p>Asimismo, unidades castrenses acabaron con terroristas de al-Nousra y les causaron p\u00e9rdidas en su material b\u00e9lico pesado en los pueblos y las localidades de Bab al-Taka, al-Hweiya, Kafarnabuda, Tal al-Sakher, al-Arima, al-Karkat, Allatamneh en el campo norte de Hama.<\/p>\n<p>En el campo sure\u00f1o de Idleb, la artiller\u00eda del Ej\u00e9rcito logr\u00f3 infligir bajas entre las filas de los terroristas de al-Nousra y destruirles veh\u00edculos y fortificaciones al bombardear posiciones de este grupo terrorista en los pueblos de al-Hebeit, Tarmala, al-Qassabiya, Arinba, Abdin.<\/p>\n<p style=\"text-align: justify;\"><span style=\"color: #0000ff;\">F. Marouf\/ E. Dubian\/L.A.<\/span><\/p>\n","protected":false},"excerpt":{"rendered":"<p>Hama-Idleb, SANA Las Fuerzas Armadas intensificaron sus bombardeos con artiller\u00eda contra las sedes de los grupos terroristas atrincherados en el campo noroeste de la provincia de Hama. Los bombardeos se llevaron a cabo en respuesta a las constantes violaciones de los grupos terroristas al acuerdo de zona de distenci\u00f3n que rige la provincia de Idleb &hellip;<\/p>\n","protected":false},"author":32,"featured_media":105914,"comment_status":"closed","ping_status":"closed","sticky":false,"template":"","format":"standard","meta":{"footnotes":""},"categories":[597,573,7541],"tags":[15210],"class_list":["post-105913","post","type-post","status-publish","format-standard","has-post-thumbnail","","category-cinta-de-noticias","category-la-realidad-de-los-acontecimientos-en-siria","category-ultimas-noticias","tag-intensos-bombardeos-artilleros-del-ejercito-contra-sedes-terroristas-en-hama"],"_links":{"self":[{"href":"https:\/\/archive.sana.sy\/es\/index.php?rest_route=\/wp\/v2\/posts\/105913"}],"collection":[{"href":"https:\/\/archive.sana.sy\/es\/index.php?rest_route=\/wp\/v2\/posts"}],"about":[{"href":"https:\/\/archive.sana.sy\/es\/index.php?rest_route=\/wp\/v2\/types\/post"}],"author":[{"embeddable":true,"href":"https:\/\/archive.sana.sy\/es\/index.php?rest_route=\/wp\/v2\/users\/32"}],"replies":[{"embeddable":true,"href":"https:\/\/archive.sana.sy\/es\/index.php?rest_route=%2Fwp%2Fv2%2Fcomments&post=105913"}],"version-history":[{"count":0,"href":"https:\/\/archive.sana.sy\/es\/index.php?rest_route=\/wp\/v2\/posts\/105913\/revisions"}],"wp:featuredmedia":[{"embeddable":true,"href":"https:\/\/archive.sana.sy\/es\/index.php?rest_route=\/wp\/v2\/media\/105914"}],"wp:attachment":[{"href":"https:\/\/archive.sana.sy\/es\/index.php?rest_route=%2Fwp%2Fv2%2Fmedia&parent=105913"}],"wp:term":[{"taxonomy":"category","embeddable":true,"href":"https:\/\/archive.sana.sy\/es\/index.php?rest_route=%2Fwp%2Fv2%2Fcategories&post=105913"},{"taxonomy":"post_tag","embeddable":true,"href":"https:\/\/archive.sana.sy\/es\/index.php?rest_route=%2Fwp%2Fv2%2Ftags&post=105913"}],"curies":[{"name":"wp","href":"https:\/\/api.w.org\/{rel}","templated":true}]}}