{"id":105978,"date":"2019-05-01T11:28:47","date_gmt":"2019-05-01T08:28:47","guid":{"rendered":"https:\/\/sana.sy\/es\/?p=105978"},"modified":"2019-05-02T12:13:50","modified_gmt":"2019-05-02T09:13:50","slug":"terroristas-de-al-nousra-en-idleb-sufren-bajas-en-bombardeos-del-ejercito","status":"publish","type":"post","link":"https:\/\/archive.sana.sy\/es\/?p=105978","title":{"rendered":"Terroristas de Al-Nousra en Idleb sufren bajas en bombardeos del ej\u00e9rcito"},"content":{"rendered":"<p style=\"text-align: justify;\"><span style=\"color: #800000;\">Idleb-Hama, SANA<\/span><\/p>\n<p style=\"text-align: justify;\">Los militares sirios que operan en el campo norte de la provincia de Hama intensificaron sus operativos antiterroristas contra los grup\u00fasculos que combaten bajo el paraguas del grupo radical Frente Al-Nousra en el campo norte de Hama y sur de Idleb.<\/p>\n<p style=\"text-align: justify;\">Las operaciones del ej\u00e9rcito se llevaron a cabo en respuesta a las constantes violaciones de los grupos terroristas al acuerdo de zona de distenci\u00f3n que rige la provincia de Idleb y sus alrededores.<\/p>\n<p style=\"text-align: justify;\">En las inmediaciones del poblado de Tarmala en el campo sur de Idleb, los bombardeos con cohetes del ej\u00e9rcito destruyeron a varios veh\u00edculos artillados de los terroristas, adem\u00e1s de infligirles bajas en sus filas.<\/p>\n<p style=\"text-align: justify;\">En la v\u00edspera, \u201cvarios terroristas fueron abatidos en los bombardeos con artiller\u00eda de los militares contra cuarteles terroristas en la ciudad de Qalet Madiq y el poblado Al-Hawash\u201d<\/p>\n<p style=\"text-align: justify;\"><span style=\"color: #0000ff;\">F. Marouf\/ E. Dubian<\/span><\/p>\n","protected":false},"excerpt":{"rendered":"<p>Idleb-Hama, SANA Los militares sirios que operan en el campo norte de la provincia de Hama intensificaron sus operativos antiterroristas contra los grup\u00fasculos que combaten bajo el paraguas del grupo radical Frente Al-Nousra en el campo norte de Hama y sur de Idleb. Las operaciones del ej\u00e9rcito se llevaron a cabo en respuesta a las &hellip;<\/p>\n","protected":false},"author":32,"featured_media":105979,"comment_status":"closed","ping_status":"closed","sticky":false,"template":"","format":"standard","meta":{"footnotes":""},"categories":[597,573,7541],"tags":[15218],"class_list":["post-105978","post","type-post","status-publish","format-standard","has-post-thumbnail","","category-cinta-de-noticias","category-la-realidad-de-los-acontecimientos-en-siria","category-ultimas-noticias","tag-terroristas-de-al-nousra-en-idleb-sufren-bajas-en-bombardeos-del-ejercito"],"_links":{"self":[{"href":"https:\/\/archive.sana.sy\/es\/index.php?rest_route=\/wp\/v2\/posts\/105978"}],"collection":[{"href":"https:\/\/archive.sana.sy\/es\/index.php?rest_route=\/wp\/v2\/posts"}],"about":[{"href":"https:\/\/archive.sana.sy\/es\/index.php?rest_route=\/wp\/v2\/types\/post"}],"author":[{"embeddable":true,"href":"https:\/\/archive.sana.sy\/es\/index.php?rest_route=\/wp\/v2\/users\/32"}],"replies":[{"embeddable":true,"href":"https:\/\/archive.sana.sy\/es\/index.php?rest_route=%2Fwp%2Fv2%2Fcomments&post=105978"}],"version-history":[{"count":0,"href":"https:\/\/archive.sana.sy\/es\/index.php?rest_route=\/wp\/v2\/posts\/105978\/revisions"}],"wp:featuredmedia":[{"embeddable":true,"href":"https:\/\/archive.sana.sy\/es\/index.php?rest_route=\/wp\/v2\/media\/105979"}],"wp:attachment":[{"href":"https:\/\/archive.sana.sy\/es\/index.php?rest_route=%2Fwp%2Fv2%2Fmedia&parent=105978"}],"wp:term":[{"taxonomy":"category","embeddable":true,"href":"https:\/\/archive.sana.sy\/es\/index.php?rest_route=%2Fwp%2Fv2%2Fcategories&post=105978"},{"taxonomy":"post_tag","embeddable":true,"href":"https:\/\/archive.sana.sy\/es\/index.php?rest_route=%2Fwp%2Fv2%2Ftags&post=105978"}],"curies":[{"name":"wp","href":"https:\/\/api.w.org\/{rel}","templated":true}]}}