{"id":105984,"date":"2019-05-01T15:32:18","date_gmt":"2019-05-01T12:32:18","guid":{"rendered":"https:\/\/sana.sy\/es\/?p=105984"},"modified":"2023-01-10T15:15:47","modified_gmt":"2023-01-10T13:15:47","slug":"apertura-del-foro-industrial-comercial-y-economico-siria-iran","status":"publish","type":"post","link":"https:\/\/archive.sana.sy\/es\/?p=105984","title":{"rendered":"Apertura del Foro Industrial, Comercial y Econ\u00f3mico Siria-Ir\u00e1n"},"content":{"rendered":"<p style=\"text-align: justify\"><span style=\"color: #800000\">Teher\u00e1n, SANA<\/span><\/p>\n<p style=\"text-align: justify\">El Foro Industrial, Comercial y Econ\u00f3mico Siria-Ir\u00e1n se inaugur\u00f3 el mi\u00e9rcoles en la sede de la C\u00e1mara de Comercio, Industria y Minas en la capital iran\u00ed, Teher\u00e1n.<\/p>\n<p style=\"text-align: justify\">El Foro tiene como objetivo mejorar el nivel de la cooperaci\u00f3n bilateral y aumentar el volumen de intercambio comercial, y aprovechar las oportunidades disponibles y el potencial de ambas partes para establecer asociaciones industriales y productivas que est\u00e9n a la altura de los desaf\u00edos de la actual etapa a la luz del asedio econ\u00f3mico y las sanciones injustas impuestas a los pueblos, sirio e iran\u00ed.<\/p>\n<p style=\"text-align: justify\">El Foro tambi\u00e9n pretende superar los obst\u00e1culos que enfrenta el proceso de cooperaci\u00f3n conjunta y mejorar el nivel de las relaciones econ\u00f3micas y comerciales con el fin de alcanzar los objetivos esperados y lograr un salto cualitativo en los sectores industrial, comercial y productivo.<\/p>\n<p style=\"text-align: justify\">El evento se lleva a cabo con la participaci\u00f3n de una delegaci\u00f3n de empresarios y comerciantes sirios encabezada por el Dr. Samer al-Debs, jefe administrativo de la C\u00e1mara de Industria de Damasco Campo.<\/p>\n<p style=\"text-align: justify\"><span style=\"color: #0000ff\">E. Dubian\/ Riad Sh.<\/span><\/p>\n","protected":false},"excerpt":{"rendered":"<p>Teher\u00e1n, SANA El Foro Industrial, Comercial y Econ\u00f3mico Siria-Ir\u00e1n se inaugur\u00f3 el mi\u00e9rcoles en la sede de la C\u00e1mara de Comercio, Industria y Minas en la capital iran\u00ed, Teher\u00e1n. El Foro tiene como objetivo mejorar el nivel de la cooperaci\u00f3n bilateral y aumentar el volumen de intercambio comercial, y aprovechar las oportunidades disponibles y el &hellip;<\/p>\n","protected":false},"author":32,"featured_media":105985,"comment_status":"closed","ping_status":"closed","sticky":false,"template":"","format":"standard","meta":{"footnotes":""},"categories":[597,485,7541],"tags":[15220],"class_list":["post-105984","post","type-post","status-publish","format-standard","has-post-thumbnail","","category-cinta-de-noticias","category-informes-negocios-y-finanzas","category-ultimas-noticias","tag-apertura-del-foro-industrial-comercial-y-economico-siria-iran"],"_links":{"self":[{"href":"https:\/\/archive.sana.sy\/es\/index.php?rest_route=\/wp\/v2\/posts\/105984"}],"collection":[{"href":"https:\/\/archive.sana.sy\/es\/index.php?rest_route=\/wp\/v2\/posts"}],"about":[{"href":"https:\/\/archive.sana.sy\/es\/index.php?rest_route=\/wp\/v2\/types\/post"}],"author":[{"embeddable":true,"href":"https:\/\/archive.sana.sy\/es\/index.php?rest_route=\/wp\/v2\/users\/32"}],"replies":[{"embeddable":true,"href":"https:\/\/archive.sana.sy\/es\/index.php?rest_route=%2Fwp%2Fv2%2Fcomments&post=105984"}],"version-history":[{"count":0,"href":"https:\/\/archive.sana.sy\/es\/index.php?rest_route=\/wp\/v2\/posts\/105984\/revisions"}],"wp:featuredmedia":[{"embeddable":true,"href":"https:\/\/archive.sana.sy\/es\/index.php?rest_route=\/wp\/v2\/media\/105985"}],"wp:attachment":[{"href":"https:\/\/archive.sana.sy\/es\/index.php?rest_route=%2Fwp%2Fv2%2Fmedia&parent=105984"}],"wp:term":[{"taxonomy":"category","embeddable":true,"href":"https:\/\/archive.sana.sy\/es\/index.php?rest_route=%2Fwp%2Fv2%2Fcategories&post=105984"},{"taxonomy":"post_tag","embeddable":true,"href":"https:\/\/archive.sana.sy\/es\/index.php?rest_route=%2Fwp%2Fv2%2Ftags&post=105984"}],"curies":[{"name":"wp","href":"https:\/\/api.w.org\/{rel}","templated":true}]}}