{"id":106630,"date":"2019-05-13T11:05:17","date_gmt":"2019-05-13T08:05:17","guid":{"rendered":"https:\/\/sana.sy\/es\/?p=106630"},"modified":"2019-05-13T11:57:26","modified_gmt":"2019-05-13T08:57:26","slug":"artistas-plasticos-sirios-participan-en-la-bienal-de-venecia-italia","status":"publish","type":"post","link":"https:\/\/archive.sana.sy\/es\/?p=106630","title":{"rendered":"Artistas pl\u00e1sticos sirios participan en la Bienal de Venecia, Italia"},"content":{"rendered":"<p style=\"text-align: justify\"><span style=\"color: #800000\">Roma, SANA<\/span><\/p>\n<p style=\"text-align: justify\">Un grupo de destacados artistas pl\u00e1sticos sirios participan en la Bienal de Venecia, Italia.<\/p>\n<p style=\"text-align: justify\">La secci\u00f3n de Siria en el evento llev\u00f3 el t\u00edtulo: &#8220;La civilizaci\u00f3n siria a\u00fan est\u00e1 presente&#8221;.<\/p>\n<p style=\"text-align: justify\">Las muestras de arte exhibidas muestran la diversidad en los estilos y la est\u00e9tica del arte pl\u00e1stico y reflejaron temas de la guerra terrorista impuesta contra Siria y de las antiguas y contempor\u00e1neas civilizaciones del pa\u00eds.<\/p>\n<p style=\"text-align: justify\">Los artistas sirios aseguraron que la participaci\u00f3n de Siria en la Bienal de Venecia es importante porque contribuye a la comunicaci\u00f3n cultural entre Siria y los pa\u00edses del mundo.<\/p>\n<p style=\"text-align: justify\">Los organizadores del evento afirmaron la importancia de la participaci\u00f3n de Siria y manifestaron que varios artistas italianos desean exhibir sus obras de arte en Siria muy pronto.<\/p>\n<p style=\"text-align: justify\">La Bienal de Venecia fue fundada en 1895 y es uno de los eventos culturales e internacionales m\u00e1s antiguas en el mundo.<\/p>\n<p style=\"text-align: justify\"><span style=\"color: #0000ff\">Ammar H.\/ F. Marouf<\/span><\/p>\n<div id='gallery-1' class='gallery galleryid-106630 gallery-columns-1 gallery-size-full'><figure class='gallery-item'>\n\t\t\t<div class='gallery-icon landscape'>\n\t\t\t\t<a href='https:\/\/archive.sana.sy\/es\/wp-content\/uploads\/2019\/05\/16-20-660x330.jpg'><img loading=\"lazy\" decoding=\"async\" width=\"660\" height=\"330\" src=\"https:\/\/archive.sana.sy\/es\/wp-content\/uploads\/2019\/05\/16-20-660x330.jpg\" class=\"attachment-full size-full\" alt=\"\" srcset=\"https:\/\/archive.sana.sy\/es\/wp-content\/uploads\/2019\/05\/16-20-660x330.jpg 660w, https:\/\/archive.sana.sy\/es\/wp-content\/uploads\/2019\/05\/16-20-660x330-150x75.jpg 150w, https:\/\/archive.sana.sy\/es\/wp-content\/uploads\/2019\/05\/16-20-660x330-300x150.jpg 300w\" sizes=\"(max-width: 660px) 100vw, 660px\" \/><\/a>\n\t\t\t<\/div><\/figure><figure class='gallery-item'>\n\t\t\t<div class='gallery-icon landscape'>\n\t\t\t\t<a href='https:\/\/archive.sana.sy\/es\/wp-content\/uploads\/2019\/05\/17-18.jpg'><img loading=\"lazy\" decoding=\"async\" width=\"660\" height=\"386\" src=\"https:\/\/archive.sana.sy\/es\/wp-content\/uploads\/2019\/05\/17-18.jpg\" class=\"attachment-full size-full\" alt=\"\" srcset=\"https:\/\/archive.sana.sy\/es\/wp-content\/uploads\/2019\/05\/17-18.jpg 660w, https:\/\/archive.sana.sy\/es\/wp-content\/uploads\/2019\/05\/17-18-150x88.jpg 150w, https:\/\/archive.sana.sy\/es\/wp-content\/uploads\/2019\/05\/17-18-300x175.jpg 300w\" sizes=\"(max-width: 660px) 100vw, 660px\" \/><\/a>\n\t\t\t<\/div><\/figure><figure class='gallery-item'>\n\t\t\t<div class='gallery-icon portrait'>\n\t\t\t\t<a href='https:\/\/archive.sana.sy\/es\/wp-content\/uploads\/2019\/05\/18-14.jpg'><img loading=\"lazy\" decoding=\"async\" width=\"330\" height=\"440\" src=\"https:\/\/archive.sana.sy\/es\/wp-content\/uploads\/2019\/05\/18-14.jpg\" class=\"attachment-full size-full\" alt=\"\" srcset=\"https:\/\/archive.sana.sy\/es\/wp-content\/uploads\/2019\/05\/18-14.jpg 330w, https:\/\/archive.sana.sy\/es\/wp-content\/uploads\/2019\/05\/18-14-113x150.jpg 113w, https:\/\/archive.sana.sy\/es\/wp-content\/uploads\/2019\/05\/18-14-225x300.jpg 225w\" sizes=\"(max-width: 330px) 100vw, 330px\" \/><\/a>\n\t\t\t<\/div><\/figure>\n\t\t<\/div>\n\n","protected":false},"excerpt":{"rendered":"<p>Roma, SANA Un grupo de destacados artistas pl\u00e1sticos sirios participan en la Bienal de Venecia, Italia. La secci\u00f3n de Siria en el evento llev\u00f3 el t\u00edtulo: &#8220;La civilizaci\u00f3n siria a\u00fan est\u00e1 presente&#8221;. Las muestras de arte exhibidas muestran la diversidad en los estilos y la est\u00e9tica del arte pl\u00e1stico y reflejaron temas de la guerra &hellip;<\/p>\n","protected":false},"author":30,"featured_media":106634,"comment_status":"closed","ping_status":"closed","sticky":false,"template":"","format":"standard","meta":{"footnotes":""},"categories":[597,510,571,7541],"tags":[15331],"class_list":["post-106630","post","type-post","status-publish","format-standard","has-post-thumbnail","","category-cinta-de-noticias","category-arte-y-cultura","category-siria-en-fotos","category-ultimas-noticias","tag-artistas-plasticos-sirios-participan-en-la-bienal-de-venecia-italia"],"_links":{"self":[{"href":"https:\/\/archive.sana.sy\/es\/index.php?rest_route=\/wp\/v2\/posts\/106630"}],"collection":[{"href":"https:\/\/archive.sana.sy\/es\/index.php?rest_route=\/wp\/v2\/posts"}],"about":[{"href":"https:\/\/archive.sana.sy\/es\/index.php?rest_route=\/wp\/v2\/types\/post"}],"author":[{"embeddable":true,"href":"https:\/\/archive.sana.sy\/es\/index.php?rest_route=\/wp\/v2\/users\/30"}],"replies":[{"embeddable":true,"href":"https:\/\/archive.sana.sy\/es\/index.php?rest_route=%2Fwp%2Fv2%2Fcomments&post=106630"}],"version-history":[{"count":0,"href":"https:\/\/archive.sana.sy\/es\/index.php?rest_route=\/wp\/v2\/posts\/106630\/revisions"}],"wp:featuredmedia":[{"embeddable":true,"href":"https:\/\/archive.sana.sy\/es\/index.php?rest_route=\/wp\/v2\/media\/106634"}],"wp:attachment":[{"href":"https:\/\/archive.sana.sy\/es\/index.php?rest_route=%2Fwp%2Fv2%2Fmedia&parent=106630"}],"wp:term":[{"taxonomy":"category","embeddable":true,"href":"https:\/\/archive.sana.sy\/es\/index.php?rest_route=%2Fwp%2Fv2%2Fcategories&post=106630"},{"taxonomy":"post_tag","embeddable":true,"href":"https:\/\/archive.sana.sy\/es\/index.php?rest_route=%2Fwp%2Fv2%2Ftags&post=106630"}],"curies":[{"name":"wp","href":"https:\/\/api.w.org\/{rel}","templated":true}]}}