{"id":106636,"date":"2019-05-13T11:57:31","date_gmt":"2019-05-13T08:57:31","guid":{"rendered":"https:\/\/sana.sy\/es\/?p=106636"},"modified":"2019-05-13T17:19:58","modified_gmt":"2019-05-13T14:19:58","slug":"bombardeos-terroristas-con-misiles-matan-a-un-civil-e-hieren-a-cinco-en-suquelbieh-hama","status":"publish","type":"post","link":"https:\/\/archive.sana.sy\/es\/?p=106636","title":{"rendered":"Bombardeos terroristas con misiles matan a un civil e hieren a cinco en Suquelbieh, Hama"},"content":{"rendered":"<p style=\"text-align: justify;\"><span style=\"color: #800000;\">Hama, SANA<\/span><\/p>\n<p style=\"text-align: justify;\">Los grupos terroristas violaron nuevamente la zona de distensi\u00f3n en Idleb y sus alrededores, y bombardearon la poblaci\u00f3n civil en el campo norte de la provincia de Hama.<\/p>\n<p style=\"text-align: justify;\">\u201cUn civil perdieron la vida y otros cinco fueron lesionados en bombardeos terroristas con misiles contra la ciudad de Suquelbieh, 48 km al noroeste de la ciudad de Hama\u201d, informaron fuentes locales.<\/p>\n<p style=\"text-align: justify;\">En la v\u00edspera, semejante bombardeo mat\u00f3 cuatro ni\u00f1os y una mujer contra Suquelbieh.<\/p>\n<p style=\"text-align: justify;\"><span style=\"color: #0000ff;\">F. Marouf\/ Ammar H.<\/span><\/p>\n<div id='gallery-1' class='gallery galleryid-106636 gallery-columns-1 gallery-size-full'><figure class='gallery-item'>\n\t\t\t<div class='gallery-icon landscape'>\n\t\t\t\t<a href='https:\/\/archive.sana.sy\/es\/wp-content\/uploads\/2019\/05\/3-92-660x330-1.jpg'><img loading=\"lazy\" decoding=\"async\" width=\"660\" height=\"330\" src=\"https:\/\/archive.sana.sy\/es\/wp-content\/uploads\/2019\/05\/3-92-660x330-1.jpg\" class=\"attachment-full size-full\" alt=\"\" srcset=\"https:\/\/archive.sana.sy\/es\/wp-content\/uploads\/2019\/05\/3-92-660x330-1.jpg 660w, https:\/\/archive.sana.sy\/es\/wp-content\/uploads\/2019\/05\/3-92-660x330-1-150x75.jpg 150w, https:\/\/archive.sana.sy\/es\/wp-content\/uploads\/2019\/05\/3-92-660x330-1-300x150.jpg 300w\" sizes=\"(max-width: 660px) 100vw, 660px\" \/><\/a>\n\t\t\t<\/div><\/figure><figure class='gallery-item'>\n\t\t\t<div class='gallery-icon landscape'>\n\t\t\t\t<a href='https:\/\/archive.sana.sy\/es\/wp-content\/uploads\/2019\/05\/4-77.jpg'><img loading=\"lazy\" decoding=\"async\" width=\"660\" height=\"370\" src=\"https:\/\/archive.sana.sy\/es\/wp-content\/uploads\/2019\/05\/4-77.jpg\" class=\"attachment-full size-full\" alt=\"\" srcset=\"https:\/\/archive.sana.sy\/es\/wp-content\/uploads\/2019\/05\/4-77.jpg 660w, https:\/\/archive.sana.sy\/es\/wp-content\/uploads\/2019\/05\/4-77-150x84.jpg 150w, https:\/\/archive.sana.sy\/es\/wp-content\/uploads\/2019\/05\/4-77-300x168.jpg 300w\" sizes=\"(max-width: 660px) 100vw, 660px\" \/><\/a>\n\t\t\t<\/div><\/figure><figure class='gallery-item'>\n\t\t\t<div class='gallery-icon landscape'>\n\t\t\t\t<a href='https:\/\/archive.sana.sy\/es\/wp-content\/uploads\/2019\/05\/5-76.jpg'><img loading=\"lazy\" decoding=\"async\" width=\"660\" height=\"370\" src=\"https:\/\/archive.sana.sy\/es\/wp-content\/uploads\/2019\/05\/5-76.jpg\" class=\"attachment-full size-full\" alt=\"\" srcset=\"https:\/\/archive.sana.sy\/es\/wp-content\/uploads\/2019\/05\/5-76.jpg 660w, https:\/\/archive.sana.sy\/es\/wp-content\/uploads\/2019\/05\/5-76-150x84.jpg 150w, https:\/\/archive.sana.sy\/es\/wp-content\/uploads\/2019\/05\/5-76-300x168.jpg 300w\" sizes=\"(max-width: 660px) 100vw, 660px\" \/><\/a>\n\t\t\t<\/div><\/figure><figure class='gallery-item'>\n\t\t\t<div class='gallery-icon portrait'>\n\t\t\t\t<a href='https:\/\/archive.sana.sy\/es\/wp-content\/uploads\/2019\/05\/6-56.jpg'><img loading=\"lazy\" decoding=\"async\" width=\"600\" height=\"814\" src=\"https:\/\/archive.sana.sy\/es\/wp-content\/uploads\/2019\/05\/6-56.jpg\" class=\"attachment-full size-full\" alt=\"\" srcset=\"https:\/\/archive.sana.sy\/es\/wp-content\/uploads\/2019\/05\/6-56.jpg 600w, https:\/\/archive.sana.sy\/es\/wp-content\/uploads\/2019\/05\/6-56-111x150.jpg 111w, https:\/\/archive.sana.sy\/es\/wp-content\/uploads\/2019\/05\/6-56-221x300.jpg 221w\" sizes=\"(max-width: 600px) 100vw, 600px\" \/><\/a>\n\t\t\t<\/div><\/figure><figure class='gallery-item'>\n\t\t\t<div class='gallery-icon portrait'>\n\t\t\t\t<a href='https:\/\/archive.sana.sy\/es\/wp-content\/uploads\/2019\/05\/7-51.jpg'><img loading=\"lazy\" decoding=\"async\" width=\"660\" height=\"895\" src=\"https:\/\/archive.sana.sy\/es\/wp-content\/uploads\/2019\/05\/7-51.jpg\" class=\"attachment-full size-full\" alt=\"\" srcset=\"https:\/\/archive.sana.sy\/es\/wp-content\/uploads\/2019\/05\/7-51.jpg 660w, https:\/\/archive.sana.sy\/es\/wp-content\/uploads\/2019\/05\/7-51-111x150.jpg 111w, https:\/\/archive.sana.sy\/es\/wp-content\/uploads\/2019\/05\/7-51-221x300.jpg 221w\" sizes=\"(max-width: 660px) 100vw, 660px\" \/><\/a>\n\t\t\t<\/div><\/figure><figure class='gallery-item'>\n\t\t\t<div class='gallery-icon portrait'>\n\t\t\t\t<a href='https:\/\/archive.sana.sy\/es\/wp-content\/uploads\/2019\/05\/9-37.jpg'><img loading=\"lazy\" decoding=\"async\" width=\"600\" height=\"814\" src=\"https:\/\/archive.sana.sy\/es\/wp-content\/uploads\/2019\/05\/9-37.jpg\" class=\"attachment-full size-full\" alt=\"\" srcset=\"https:\/\/archive.sana.sy\/es\/wp-content\/uploads\/2019\/05\/9-37.jpg 600w, https:\/\/archive.sana.sy\/es\/wp-content\/uploads\/2019\/05\/9-37-111x150.jpg 111w, https:\/\/archive.sana.sy\/es\/wp-content\/uploads\/2019\/05\/9-37-221x300.jpg 221w\" sizes=\"(max-width: 600px) 100vw, 600px\" \/><\/a>\n\t\t\t<\/div><\/figure>\n\t\t<\/div>\n\n","protected":false},"excerpt":{"rendered":"<p>Hama, SANA Los grupos terroristas violaron nuevamente la zona de distensi\u00f3n en Idleb y sus alrededores, y bombardearon la poblaci\u00f3n civil en el campo norte de la provincia de Hama. \u201cUn civil perdieron la vida y otros cinco fueron lesionados en bombardeos terroristas con misiles contra la ciudad de Suquelbieh, 48 km al noroeste de &hellip;<\/p>\n","protected":false},"author":30,"featured_media":106642,"comment_status":"closed","ping_status":"closed","sticky":false,"template":"","format":"standard","meta":{"footnotes":""},"categories":[597,573,7541,1],"tags":[15332],"class_list":["post-106636","post","type-post","status-publish","format-standard","has-post-thumbnail","","category-cinta-de-noticias","category-la-realidad-de-los-acontecimientos-en-siria","category-ultimas-noticias","category-news-not-sorted","tag-bombardeos-terroristas-con-misiles-matan-a-un-civil-e-hieren-a-cinco-en-suquelbieh-hama"],"_links":{"self":[{"href":"https:\/\/archive.sana.sy\/es\/index.php?rest_route=\/wp\/v2\/posts\/106636"}],"collection":[{"href":"https:\/\/archive.sana.sy\/es\/index.php?rest_route=\/wp\/v2\/posts"}],"about":[{"href":"https:\/\/archive.sana.sy\/es\/index.php?rest_route=\/wp\/v2\/types\/post"}],"author":[{"embeddable":true,"href":"https:\/\/archive.sana.sy\/es\/index.php?rest_route=\/wp\/v2\/users\/30"}],"replies":[{"embeddable":true,"href":"https:\/\/archive.sana.sy\/es\/index.php?rest_route=%2Fwp%2Fv2%2Fcomments&post=106636"}],"version-history":[{"count":0,"href":"https:\/\/archive.sana.sy\/es\/index.php?rest_route=\/wp\/v2\/posts\/106636\/revisions"}],"wp:featuredmedia":[{"embeddable":true,"href":"https:\/\/archive.sana.sy\/es\/index.php?rest_route=\/wp\/v2\/media\/106642"}],"wp:attachment":[{"href":"https:\/\/archive.sana.sy\/es\/index.php?rest_route=%2Fwp%2Fv2%2Fmedia&parent=106636"}],"wp:term":[{"taxonomy":"category","embeddable":true,"href":"https:\/\/archive.sana.sy\/es\/index.php?rest_route=%2Fwp%2Fv2%2Fcategories&post=106636"},{"taxonomy":"post_tag","embeddable":true,"href":"https:\/\/archive.sana.sy\/es\/index.php?rest_route=%2Fwp%2Fv2%2Ftags&post=106636"}],"curies":[{"name":"wp","href":"https:\/\/api.w.org\/{rel}","templated":true}]}}