{"id":106655,"date":"2019-05-13T17:02:41","date_gmt":"2019-05-13T14:02:41","guid":{"rendered":"https:\/\/www.sana.sy\/es\/?p=106655"},"modified":"2019-05-13T17:02:41","modified_gmt":"2019-05-13T14:02:41","slug":"ryabkov-las-conversaciones-lavrov-pompeo-se-centraran-en-las-relaciones-bilaterales-y-la-crisis-en-siria","status":"publish","type":"post","link":"https:\/\/archive.sana.sy\/es\/?p=106655","title":{"rendered":"Ryabkov: las conversaciones Lavrov-Pompeo se centrar\u00e1n en las relaciones bilaterales y la crisis en Siria"},"content":{"rendered":"<p style=\"text-align: justify;\"><span style=\"color: #800000;\">Mosc\u00fa, SANA<\/span><\/p>\n<p style=\"text-align: justify;\">El viceministro de Relaciones Exteriores de Rusia, Sergei Ryabkov, dijo que las conversaciones que lugar ma\u00f1ana en Sochi entre el Ministro de Relaciones Exteriores de Rusia, Serguei Lavrov, y su hom\u00f3logo estadounidense, Mike Pompeo, se centrar\u00e1n en las relaciones bilaterales y otros asuntos internacionales como la crisis en Siria y la situaci\u00f3n en Venezuela y en Ucrania.<\/p>\n<p style=\"text-align: justify;\">En una pl\u00e1tica con los peri\u00f3dicos, Ryabkov dijo que Rusia intentar\u00e1 aprovechar las previstas conversaciones al m\u00e1ximo para estabilizar las relaciones ruso-estadounidenses y trazar una ruta para marchar hacia adelante.<\/p>\n<p style=\"text-align: justify;\"><span style=\"color: #0000ff;\">E. Dubian\/ Riad Sh.<\/span><\/p>\n","protected":false},"excerpt":{"rendered":"<p>Mosc\u00fa, SANA El viceministro de Relaciones Exteriores de Rusia, Sergei Ryabkov, dijo que las conversaciones que lugar ma\u00f1ana en Sochi entre el Ministro de Relaciones Exteriores de Rusia, Serguei Lavrov, y su hom\u00f3logo estadounidense, Mike Pompeo, se centrar\u00e1n en las relaciones bilaterales y otros asuntos internacionales como la crisis en Siria y la situaci\u00f3n en &hellip;<\/p>\n","protected":false},"author":32,"featured_media":106656,"comment_status":"closed","ping_status":"closed","sticky":false,"template":"","format":"standard","meta":{"footnotes":""},"categories":[597,467,7541],"tags":[15335],"class_list":["post-106655","post","type-post","status-publish","format-standard","has-post-thumbnail","","category-cinta-de-noticias","category-siria-y-el-mundo","category-ultimas-noticias","tag-ryabkov-las-conversaciones-lavrov-pompeo-se-centraran-en-las-relaciones-bilaterales-y-la-crisis-en-siria"],"_links":{"self":[{"href":"https:\/\/archive.sana.sy\/es\/index.php?rest_route=\/wp\/v2\/posts\/106655"}],"collection":[{"href":"https:\/\/archive.sana.sy\/es\/index.php?rest_route=\/wp\/v2\/posts"}],"about":[{"href":"https:\/\/archive.sana.sy\/es\/index.php?rest_route=\/wp\/v2\/types\/post"}],"author":[{"embeddable":true,"href":"https:\/\/archive.sana.sy\/es\/index.php?rest_route=\/wp\/v2\/users\/32"}],"replies":[{"embeddable":true,"href":"https:\/\/archive.sana.sy\/es\/index.php?rest_route=%2Fwp%2Fv2%2Fcomments&post=106655"}],"version-history":[{"count":0,"href":"https:\/\/archive.sana.sy\/es\/index.php?rest_route=\/wp\/v2\/posts\/106655\/revisions"}],"wp:featuredmedia":[{"embeddable":true,"href":"https:\/\/archive.sana.sy\/es\/index.php?rest_route=\/wp\/v2\/media\/106656"}],"wp:attachment":[{"href":"https:\/\/archive.sana.sy\/es\/index.php?rest_route=%2Fwp%2Fv2%2Fmedia&parent=106655"}],"wp:term":[{"taxonomy":"category","embeddable":true,"href":"https:\/\/archive.sana.sy\/es\/index.php?rest_route=%2Fwp%2Fv2%2Fcategories&post=106655"},{"taxonomy":"post_tag","embeddable":true,"href":"https:\/\/archive.sana.sy\/es\/index.php?rest_route=%2Fwp%2Fv2%2Ftags&post=106655"}],"curies":[{"name":"wp","href":"https:\/\/api.w.org\/{rel}","templated":true}]}}