{"id":106683,"date":"2019-05-14T11:06:21","date_gmt":"2019-05-14T08:06:21","guid":{"rendered":"https:\/\/sana.sy\/es\/?p=106683"},"modified":"2023-01-10T15:10:02","modified_gmt":"2023-01-10T13:10:02","slug":"compania-india-reanuda-su-inversion-en-la-central-electrica-de-tishreen","status":"publish","type":"post","link":"https:\/\/archive.sana.sy\/es\/?p=106683","title":{"rendered":"Compa\u00f1\u00eda india reanuda su inversi\u00f3n en la central el\u00e9ctrica de Tishreen"},"content":{"rendered":"<p style=\"text-align: justify;\"><span style=\"color: #800000;\">Damasco-campo, SANA<\/span><\/p>\n<p style=\"text-align: justify;\">Una delegaci\u00f3n de la compa\u00f1\u00eda india Bharat visit\u00f3 la central el\u00e9ctrica de Tishreen al sudeste de la capital Damasco, con el fin de completar las obras del proyecto de ampliar dicha central y que hab\u00edan parado durante los \u00faltimos a\u00f1os debido a la guerra terrorista contra Siria.<\/p>\n<p style=\"text-align: justify;\">El ministro de Electricidad, Mohamed Zuhair Kharbotli, dijo en una declaraci\u00f3n a la prensa que la reanudaci\u00f3n de las obras en este proyecto vital se debe al ej\u00e9rcito sirio que liber\u00f3 la zona del terrorismo y consolido la seguridad en la misma.<\/p>\n<p style=\"text-align: justify;\">&#8220;Se tom\u00f3 la decisi\u00f3n de la vuelta de los expertos indios a Siria para continuar el trabajo en este proyecto que agregar\u00e1 un valor a\u00f1adido al sistema el\u00e9ctrico nacional&#8221;, explic\u00f3.<\/p>\n<p style=\"text-align: justify;\">El ministro revel\u00f3 que el per\u00edodo de implementaci\u00f3n del proyecto es de 29 meses para el primer grupo de generaci\u00f3n y 34 meses para el segundo grupo, y tiene un costo de 305 millones de euros.<\/p>\n<p style=\"text-align: justify;\">El Ministerio de Electricidad hab\u00eda firmado en 2009 con la empresa india Bharat un contrato para ampliar la central de Tishreen y aumentar su capacidad generadora con 400 Megavatios.<\/p>\n<p style=\"text-align: justify;\">La compa\u00f1\u00eda comenz\u00f3 el proyecto en octubre de 2010 pero par\u00f3 sus obras a consecuencia de la guerra.<\/p>\n<p style=\"text-align: justify;\">El Director Ejecutivo de la Compa\u00f1\u00eda Bharat, Akilco Mar, dijo que la visita de la delegaci\u00f3n a Siria es para coordinar con el gobierno sirio para comenzar la implementaci\u00f3n del proyecto a mediados de junio pr\u00f3ximo.<\/p>\n<p style=\"text-align: justify;\"><span style=\"color: #0000ff;\">F. Marouf\/ E. Dubian<\/span><\/p>\n<div id='gallery-1' class='gallery galleryid-106683 gallery-columns-3 gallery-size-thumbnail'><figure class='gallery-item'>\n\t\t\t<div class='gallery-icon landscape'>\n\t\t\t\t<a href='https:\/\/archive.sana.sy\/es\/?attachment_id=106685'><img loading=\"lazy\" decoding=\"async\" width=\"150\" height=\"84\" src=\"https:\/\/archive.sana.sy\/es\/wp-content\/uploads\/2019\/05\/03-7-150x84.jpg\" class=\"attachment-thumbnail size-thumbnail\" alt=\"\" srcset=\"https:\/\/archive.sana.sy\/es\/wp-content\/uploads\/2019\/05\/03-7-150x84.jpg 150w, https:\/\/archive.sana.sy\/es\/wp-content\/uploads\/2019\/05\/03-7-300x168.jpg 300w, https:\/\/archive.sana.sy\/es\/wp-content\/uploads\/2019\/05\/03-7.jpg 660w\" sizes=\"(max-width: 150px) 100vw, 150px\" \/><\/a>\n\t\t\t<\/div><\/figure><figure class='gallery-item'>\n\t\t\t<div class='gallery-icon landscape'>\n\t\t\t\t<a href='https:\/\/archive.sana.sy\/es\/?attachment_id=106686'><img loading=\"lazy\" decoding=\"async\" width=\"150\" height=\"84\" src=\"https:\/\/archive.sana.sy\/es\/wp-content\/uploads\/2019\/05\/18-15-150x84.jpg\" class=\"attachment-thumbnail size-thumbnail\" alt=\"\" srcset=\"https:\/\/archive.sana.sy\/es\/wp-content\/uploads\/2019\/05\/18-15-150x84.jpg 150w, https:\/\/archive.sana.sy\/es\/wp-content\/uploads\/2019\/05\/18-15-300x168.jpg 300w, https:\/\/archive.sana.sy\/es\/wp-content\/uploads\/2019\/05\/18-15.jpg 660w\" sizes=\"(max-width: 150px) 100vw, 150px\" \/><\/a>\n\t\t\t<\/div><\/figure>\n\t\t<\/div>\n\n","protected":false},"excerpt":{"rendered":"<p>Damasco-campo, SANA Una delegaci\u00f3n de la compa\u00f1\u00eda india Bharat visit\u00f3 la central el\u00e9ctrica de Tishreen al sudeste de la capital Damasco, con el fin de completar las obras del proyecto de ampliar dicha central y que hab\u00edan parado durante los \u00faltimos a\u00f1os debido a la guerra terrorista contra Siria. El ministro de Electricidad, Mohamed Zuhair &hellip;<\/p>\n","protected":false},"author":32,"featured_media":106684,"comment_status":"closed","ping_status":"closed","sticky":false,"template":"","format":"standard","meta":{"footnotes":""},"categories":[597,485,7541],"tags":[15341],"class_list":["post-106683","post","type-post","status-publish","format-standard","has-post-thumbnail","","category-cinta-de-noticias","category-informes-negocios-y-finanzas","category-ultimas-noticias","tag-compania-india-reanuda-su-inversion-en-la-central-electrica-de-tishreen"],"_links":{"self":[{"href":"https:\/\/archive.sana.sy\/es\/index.php?rest_route=\/wp\/v2\/posts\/106683"}],"collection":[{"href":"https:\/\/archive.sana.sy\/es\/index.php?rest_route=\/wp\/v2\/posts"}],"about":[{"href":"https:\/\/archive.sana.sy\/es\/index.php?rest_route=\/wp\/v2\/types\/post"}],"author":[{"embeddable":true,"href":"https:\/\/archive.sana.sy\/es\/index.php?rest_route=\/wp\/v2\/users\/32"}],"replies":[{"embeddable":true,"href":"https:\/\/archive.sana.sy\/es\/index.php?rest_route=%2Fwp%2Fv2%2Fcomments&post=106683"}],"version-history":[{"count":0,"href":"https:\/\/archive.sana.sy\/es\/index.php?rest_route=\/wp\/v2\/posts\/106683\/revisions"}],"wp:featuredmedia":[{"embeddable":true,"href":"https:\/\/archive.sana.sy\/es\/index.php?rest_route=\/wp\/v2\/media\/106684"}],"wp:attachment":[{"href":"https:\/\/archive.sana.sy\/es\/index.php?rest_route=%2Fwp%2Fv2%2Fmedia&parent=106683"}],"wp:term":[{"taxonomy":"category","embeddable":true,"href":"https:\/\/archive.sana.sy\/es\/index.php?rest_route=%2Fwp%2Fv2%2Fcategories&post=106683"},{"taxonomy":"post_tag","embeddable":true,"href":"https:\/\/archive.sana.sy\/es\/index.php?rest_route=%2Fwp%2Fv2%2Ftags&post=106683"}],"curies":[{"name":"wp","href":"https:\/\/api.w.org\/{rel}","templated":true}]}}