{"id":106698,"date":"2019-05-14T15:18:18","date_gmt":"2019-05-14T12:18:18","guid":{"rendered":"https:\/\/sana.sy\/es\/?p=106698"},"modified":"2019-08-21T22:09:55","modified_gmt":"2019-08-21T19:09:55","slug":"el-presidente-assad-al-catholicus-aram-i-keshishian-siria-fue-y-siempre-sera-una-patria-para-todos","status":"publish","type":"post","link":"https:\/\/archive.sana.sy\/es\/?p=106698","title":{"rendered":"El presidente Assad al cath\u00f3licus Aram I Keshishian: Siria fue y siempre ser\u00e1 una patria para todos"},"content":{"rendered":"<p style=\"text-align: justify;\"><span style=\"color: #800000;\">Damasco, SANA<\/span><\/p>\n<p style=\"text-align: justify;\">El presidente Bashar al-Assad recibi\u00f3 hoy al cath\u00f3licus Aran I Keshishian, pastor de la Iglesia Armenia (Gran Casa de Cilicia) y a la delegaci\u00f3n que le acompa\u00f1a.<\/p>\n<p style=\"text-align: justify;\">El presidente afirm\u00f3 que Siria fue y seguir\u00e1 una patria para todos sus hijos independientemente de religi\u00f3n o raza, y ensalz\u00f3 el rol patri\u00f3tico que desempe\u00f1an los armenio-sirios quienes encarnan los valores y sentidos de la ciudadan\u00eda, la pertenencia y la unidad nacional\u00a0 frente a los proyectos divisionistas de la guerra terrorista sobre Siria cuya brutalidad recuerda las masacres realizadas por los otomanos contra el pueblo armenio.<\/p>\n<p style=\"text-align: justify;\">Por su parte el cath\u00f3licus, Aram I Keshishian afirm\u00f3 que Siria dio refugio seguro a los supervivientes del horror de las masacres<br \/>\notomanas\u00a0 y que el pueblo sirio entero hizo frente a los proyectos terroristas excluyentes al aferrarse a su pertenencia nacional y al mensaje de paz y moderaci\u00f3n que port\u00f3 Siria a lo largo de la historia.<\/p>\n<p style=\"text-align: justify;\">El pastor asegur\u00f3 que la firmeza del pueblo sirio, los sacrificios de su ej\u00e9rcito y la constancia de su liderazgo fructificar\u00e1n sin dudas el triunfo y el fin del terrorismo.<\/p>\n<div class=\"yj6qo\" style=\"text-align: justify;\"><span style=\"color: #0000ff;\">Riad Sh.\/ E. Dubian<\/span><\/div>\n","protected":false},"excerpt":{"rendered":"<p>Damasco, SANA El presidente Bashar al-Assad recibi\u00f3 hoy al cath\u00f3licus Aran I Keshishian, pastor de la Iglesia Armenia (Gran Casa de Cilicia) y a la delegaci\u00f3n que le acompa\u00f1a. El presidente afirm\u00f3 que Siria fue y seguir\u00e1 una patria para todos sus hijos independientemente de religi\u00f3n o raza, y ensalz\u00f3 el rol patri\u00f3tico que desempe\u00f1an &hellip;<\/p>\n","protected":false},"author":32,"featured_media":106699,"comment_status":"closed","ping_status":"closed","sticky":false,"template":"","format":"standard","meta":{"footnotes":""},"categories":[597,476,16237,7541],"tags":[15344],"class_list":["post-106698","post","type-post","status-publish","format-standard","has-post-thumbnail","","category-cinta-de-noticias","category-locales","category-presidence-de-la-republique-arabe-syria","category-ultimas-noticias","tag-el-presidente-assad-al-catholicus-aram-i-keshishian-siria-fue-y-siempre-sera-una-patria-para-todos"],"_links":{"self":[{"href":"https:\/\/archive.sana.sy\/es\/index.php?rest_route=\/wp\/v2\/posts\/106698"}],"collection":[{"href":"https:\/\/archive.sana.sy\/es\/index.php?rest_route=\/wp\/v2\/posts"}],"about":[{"href":"https:\/\/archive.sana.sy\/es\/index.php?rest_route=\/wp\/v2\/types\/post"}],"author":[{"embeddable":true,"href":"https:\/\/archive.sana.sy\/es\/index.php?rest_route=\/wp\/v2\/users\/32"}],"replies":[{"embeddable":true,"href":"https:\/\/archive.sana.sy\/es\/index.php?rest_route=%2Fwp%2Fv2%2Fcomments&post=106698"}],"version-history":[{"count":0,"href":"https:\/\/archive.sana.sy\/es\/index.php?rest_route=\/wp\/v2\/posts\/106698\/revisions"}],"wp:featuredmedia":[{"embeddable":true,"href":"https:\/\/archive.sana.sy\/es\/index.php?rest_route=\/wp\/v2\/media\/106699"}],"wp:attachment":[{"href":"https:\/\/archive.sana.sy\/es\/index.php?rest_route=%2Fwp%2Fv2%2Fmedia&parent=106698"}],"wp:term":[{"taxonomy":"category","embeddable":true,"href":"https:\/\/archive.sana.sy\/es\/index.php?rest_route=%2Fwp%2Fv2%2Fcategories&post=106698"},{"taxonomy":"post_tag","embeddable":true,"href":"https:\/\/archive.sana.sy\/es\/index.php?rest_route=%2Fwp%2Fv2%2Ftags&post=106698"}],"curies":[{"name":"wp","href":"https:\/\/api.w.org\/{rel}","templated":true}]}}