{"id":106705,"date":"2019-05-14T15:40:48","date_gmt":"2019-05-14T12:40:48","guid":{"rendered":"https:\/\/sana.sy\/es\/?p=106705"},"modified":"2019-05-14T15:42:50","modified_gmt":"2019-05-14T12:42:50","slug":"mahfouz-es-necesario-desarrollar-las-relaciones-sirio-libanesas","status":"publish","type":"post","link":"https:\/\/archive.sana.sy\/es\/?p=106705","title":{"rendered":"Mahfouz: es necesario desarrollar las relaciones sirio- libanesas"},"content":{"rendered":"<p style=\"text-align: justify;\"><span style=\"color: #800000;\">Beirut, SANA<\/span><\/p>\n<p style=\"text-align: justify;\">El jefe del Consejo Nacional de Informaci\u00f3n en el L\u00edbano, Abdel Hadi Mahfouz, destac\u00f3 la necesidad de desarrollar y fortalecer las relaciones entre el L\u00edbano y Siria por el bien de ambos pa\u00edses.<\/p>\n<p style=\"text-align: justify;\">En una declaraci\u00f3n al corresponsal de SANA en Beirut, Mahfouz \u00a0dijo que la restauraci\u00f3n de esas relaciones\u00a0 es algo natural \u00a0y es un hecho \u00a0hist\u00f3rico, nacional y geogr\u00e1fico, debido a la interrelaci\u00f3n hist\u00f3rica entre los dos pa\u00edses.<\/p>\n<p style=\"text-align: justify;\">Mahfouz, exalt\u00f3 en la firmeza de Siria frente a la guerra universal, se\u00f1alando el fracaso de los patrocinadores del terrorismo en lograr sus objetivos a trav\u00e9s de las organizaciones terroristas en Siria.<\/p>\n<p style=\"text-align: justify;\"><span style=\"color: #0000ff;\">E. Dubian\/ Riad Sh.<\/span><\/p>\n","protected":false},"excerpt":{"rendered":"<p>Beirut, SANA El jefe del Consejo Nacional de Informaci\u00f3n en el L\u00edbano, Abdel Hadi Mahfouz, destac\u00f3 la necesidad de desarrollar y fortalecer las relaciones entre el L\u00edbano y Siria por el bien de ambos pa\u00edses. En una declaraci\u00f3n al corresponsal de SANA en Beirut, Mahfouz \u00a0dijo que la restauraci\u00f3n de esas relaciones\u00a0 es algo natural &hellip;<\/p>\n","protected":false},"author":32,"featured_media":106706,"comment_status":"closed","ping_status":"closed","sticky":false,"template":"","format":"standard","meta":{"footnotes":""},"categories":[597,467,7541],"tags":[15345],"class_list":["post-106705","post","type-post","status-publish","format-standard","has-post-thumbnail","","category-cinta-de-noticias","category-siria-y-el-mundo","category-ultimas-noticias","tag-mahfouz-es-necesario-desarrollar-las-relaciones-sirio-libanesas"],"_links":{"self":[{"href":"https:\/\/archive.sana.sy\/es\/index.php?rest_route=\/wp\/v2\/posts\/106705"}],"collection":[{"href":"https:\/\/archive.sana.sy\/es\/index.php?rest_route=\/wp\/v2\/posts"}],"about":[{"href":"https:\/\/archive.sana.sy\/es\/index.php?rest_route=\/wp\/v2\/types\/post"}],"author":[{"embeddable":true,"href":"https:\/\/archive.sana.sy\/es\/index.php?rest_route=\/wp\/v2\/users\/32"}],"replies":[{"embeddable":true,"href":"https:\/\/archive.sana.sy\/es\/index.php?rest_route=%2Fwp%2Fv2%2Fcomments&post=106705"}],"version-history":[{"count":0,"href":"https:\/\/archive.sana.sy\/es\/index.php?rest_route=\/wp\/v2\/posts\/106705\/revisions"}],"wp:featuredmedia":[{"embeddable":true,"href":"https:\/\/archive.sana.sy\/es\/index.php?rest_route=\/wp\/v2\/media\/106706"}],"wp:attachment":[{"href":"https:\/\/archive.sana.sy\/es\/index.php?rest_route=%2Fwp%2Fv2%2Fmedia&parent=106705"}],"wp:term":[{"taxonomy":"category","embeddable":true,"href":"https:\/\/archive.sana.sy\/es\/index.php?rest_route=%2Fwp%2Fv2%2Fcategories&post=106705"},{"taxonomy":"post_tag","embeddable":true,"href":"https:\/\/archive.sana.sy\/es\/index.php?rest_route=%2Fwp%2Fv2%2Ftags&post=106705"}],"curies":[{"name":"wp","href":"https:\/\/api.w.org\/{rel}","templated":true}]}}