{"id":106709,"date":"2019-05-14T15:51:46","date_gmt":"2019-05-14T12:51:46","guid":{"rendered":"https:\/\/sana.sy\/es\/?p=106709"},"modified":"2019-08-21T22:09:11","modified_gmt":"2019-08-21T19:09:11","slug":"el-presidente-al-assad-fijar-una-estrategia-concreta-para-la-comunicacion-con-el-ciudadano-durante-la-proxima-etapa","status":"publish","type":"post","link":"https:\/\/archive.sana.sy\/es\/?p=106709","title":{"rendered":"El presidente al-Assad: fijar una estrategia concreta para la comunicaci\u00f3n con el ciudadano durante la pr\u00f3xima etapa"},"content":{"rendered":"<p style=\"text-align: justify;\"><span style=\"color: #800000;\">Damasco, SANA<\/span><\/p>\n<p style=\"text-align: justify;\">El presidente Bashar al-Assad encabez\u00f3 una reuni\u00f3n peri\u00f3dica del gabinete la cual se centr\u00f3 en la necesidad de elaborar un mecanismo y una estrategia concreta para\u00a0 potenciar la comunicaci\u00f3n con el ciudadano sirio en la pr\u00f3xima etapa.<\/p>\n<p style=\"text-align: justify;\">Durante una reuni\u00f3n en la sede del Consejo de Ministros, el presidente se\u00f1al\u00f3 que el paso m\u00e1s importante para construir una comunicaci\u00f3n activa con el ciudadano es la transparencia y la informaci\u00f3n, tanto sobre las crisis y situaciones emergentes que afectan directamente la vida de la gente, \u00f3 aquella informaci\u00f3n que ayudar\u00eda a la gente a entender el funcionamiento del gabinete y las instituciones oficiales.<\/p>\n<div class=\"gs\">\n<div class=\"\">\n<div id=\":nr\" class=\"ii gt\">\n<div id=\":nq\" class=\"a3s aXjCH \">\n<p style=\"text-align: justify;\">Al-Assad explic\u00f3 que la d\u00e9bil comunicaci\u00f3n y la err\u00f3nea promoci\u00f3n del funcionamiento de las instituciones del Estado as\u00ed como el individualismo han contribuido a inflar las crisis creadas por los enemigos del pueblo sirio por octavo a\u00f1o consecutivo en todos los planos, sean militares o pol\u00edticos o econ\u00f3micos, y aqu\u00ed radica la importancia de iluminar al ciudadano acerca de las pol\u00edticas estatales frente a las noticias equivocadas.<\/p>\n<div style=\"text-align: justify;\">\n<p>El di\u00e1logo con el ciudadano y saber dirigirse a \u00e9l y enviarle los mensajes que necesita es la mejor v\u00eda para conocer los cambios que surgen en la sociedad y por consiguiente poder edificar una buena relaci\u00f3n entre el ciudadano y el gobierno basada en la credibilidad&#8221;, agreg\u00f3.<\/p>\n<p>El presidente escuch\u00f3 de los ministros acerca de los obst\u00e1culos que afrontan en su labor, y las propuestas que ayudar\u00edan a vencer esos obst\u00e1culos y desarrollar la acci\u00f3n gubernamental de forma que ello repercuta directamente en la vida del ciudadano<\/p>\n<\/div>\n<div style=\"text-align: justify;\"><span style=\"color: #0000ff; text-align: justify;\">Riad Sh.\/ E. Dubian<\/span><\/div>\n<div style=\"text-align: justify;\"><\/div>\n<\/div>\n<\/div>\n<\/div>\n<\/div>\n","protected":false},"excerpt":{"rendered":"<p>Damasco, SANA El presidente Bashar al-Assad encabez\u00f3 una reuni\u00f3n peri\u00f3dica del gabinete la cual se centr\u00f3 en la necesidad de elaborar un mecanismo y una estrategia concreta para\u00a0 potenciar la comunicaci\u00f3n con el ciudadano sirio en la pr\u00f3xima etapa. Durante una reuni\u00f3n en la sede del Consejo de Ministros, el presidente se\u00f1al\u00f3 que el paso &hellip;<\/p>\n","protected":false},"author":32,"featured_media":106711,"comment_status":"closed","ping_status":"closed","sticky":false,"template":"","format":"standard","meta":{"footnotes":""},"categories":[597,476,16237,583],"tags":[15346],"class_list":["post-106709","post","type-post","status-publish","format-standard","has-post-thumbnail","","category-cinta-de-noticias","category-locales","category-presidence-de-la-republique-arabe-syria","category-slide","tag-el-presidente-al-assad-fijar-una-estrategia-concreta-para-la-comunicacion-con-el-ciudadano-durante-la-proxima-etapa"],"_links":{"self":[{"href":"https:\/\/archive.sana.sy\/es\/index.php?rest_route=\/wp\/v2\/posts\/106709"}],"collection":[{"href":"https:\/\/archive.sana.sy\/es\/index.php?rest_route=\/wp\/v2\/posts"}],"about":[{"href":"https:\/\/archive.sana.sy\/es\/index.php?rest_route=\/wp\/v2\/types\/post"}],"author":[{"embeddable":true,"href":"https:\/\/archive.sana.sy\/es\/index.php?rest_route=\/wp\/v2\/users\/32"}],"replies":[{"embeddable":true,"href":"https:\/\/archive.sana.sy\/es\/index.php?rest_route=%2Fwp%2Fv2%2Fcomments&post=106709"}],"version-history":[{"count":0,"href":"https:\/\/archive.sana.sy\/es\/index.php?rest_route=\/wp\/v2\/posts\/106709\/revisions"}],"wp:featuredmedia":[{"embeddable":true,"href":"https:\/\/archive.sana.sy\/es\/index.php?rest_route=\/wp\/v2\/media\/106711"}],"wp:attachment":[{"href":"https:\/\/archive.sana.sy\/es\/index.php?rest_route=%2Fwp%2Fv2%2Fmedia&parent=106709"}],"wp:term":[{"taxonomy":"category","embeddable":true,"href":"https:\/\/archive.sana.sy\/es\/index.php?rest_route=%2Fwp%2Fv2%2Fcategories&post=106709"},{"taxonomy":"post_tag","embeddable":true,"href":"https:\/\/archive.sana.sy\/es\/index.php?rest_route=%2Fwp%2Fv2%2Ftags&post=106709"}],"curies":[{"name":"wp","href":"https:\/\/api.w.org\/{rel}","templated":true}]}}