{"id":106784,"date":"2019-05-15T19:00:45","date_gmt":"2019-05-15T16:00:45","guid":{"rendered":"https:\/\/sana.sy\/es\/?p=106784"},"modified":"2019-05-15T19:19:46","modified_gmt":"2019-05-15T16:19:46","slug":"intensifica-ejercito-sirio-sus-bombardeos-contra-terroristas-en-hama-e-idleb","status":"publish","type":"post","link":"https:\/\/archive.sana.sy\/es\/?p=106784","title":{"rendered":"Intensifica ej\u00e9rcito sirio sus bombardeos contra terroristas en Hama e Idleb"},"content":{"rendered":"<p style=\"text-align: justify\"><span style=\"color: #800000\">Hama-Idleb, SANA<\/span><\/p>\n<p style=\"text-align: justify\">En respuesta a sus repetidos ataques contra la poblaci\u00f3n civil y los puntos militares, las Fuerzas Armadas sirias intensificaron sus bombardeos con artiller\u00eda y misiles contra las sedes y los cuarteles de los terroristas en los campos de las provincias de Idleb y Hama.<\/p>\n<p style=\"text-align: justify\">&#8220;Los militares sirios bombardearon y destruyeron pertrechos b\u00e9licos y veh\u00edculos artillados de los grupos terroristas en las ciudades de Jesser Shughur y Khan Shaikhun, y en el monte Shahashbo, en el campo de la provincia de Idleb&#8221;, inform\u00f3 una fuente militar.<\/p>\n<p style=\"text-align: justify\">Seg\u00fan la fuente, otros bombardeos con artiller\u00eda y misiles destruyeron posiciones del Frente Al-Nousra en los poblados de Beit Ras y Hewez, en el campo noroeste de Hama.<\/p>\n<p style=\"text-align: justify\">Las unidades del Ej\u00e9rcito sirio hab\u00edan repelido ataques lanzados por los terroristas del \u201cFrente Al-Nousra\u201d y las \u201cBrigadas Al-Azza\u201d contra la poblaci\u00f3n civil y los puntos militares en el campo norte de Hama.<\/p>\n<p style=\"text-align: justify\">Los choques terminaron en la destrucci\u00f3n de nueve veh\u00edculos pesados que usaban los terroristas en sus ataques, adem\u00e1s de abatir a decenas de ellos.<\/p>\n<p style=\"text-align: justify\"><span style=\"color: #0000ff\">F. Marouf\/ E. Dubian<\/span><\/p>\n","protected":false},"excerpt":{"rendered":"<p>Hama-Idleb, SANA En respuesta a sus repetidos ataques contra la poblaci\u00f3n civil y los puntos militares, las Fuerzas Armadas sirias intensificaron sus bombardeos con artiller\u00eda y misiles contra las sedes y los cuarteles de los terroristas en los campos de las provincias de Idleb y Hama. &#8220;Los militares sirios bombardearon y destruyeron pertrechos b\u00e9licos y &hellip;<\/p>\n","protected":false},"author":32,"featured_media":106785,"comment_status":"closed","ping_status":"closed","sticky":false,"template":"","format":"standard","meta":{"footnotes":""},"categories":[597,573,7541],"tags":[15352],"class_list":["post-106784","post","type-post","status-publish","format-standard","has-post-thumbnail","","category-cinta-de-noticias","category-la-realidad-de-los-acontecimientos-en-siria","category-ultimas-noticias","tag-intensifica-ejercito-sirio-sus-bombardeos-contra-terroristas-en-hama-e-idleb"],"_links":{"self":[{"href":"https:\/\/archive.sana.sy\/es\/index.php?rest_route=\/wp\/v2\/posts\/106784"}],"collection":[{"href":"https:\/\/archive.sana.sy\/es\/index.php?rest_route=\/wp\/v2\/posts"}],"about":[{"href":"https:\/\/archive.sana.sy\/es\/index.php?rest_route=\/wp\/v2\/types\/post"}],"author":[{"embeddable":true,"href":"https:\/\/archive.sana.sy\/es\/index.php?rest_route=\/wp\/v2\/users\/32"}],"replies":[{"embeddable":true,"href":"https:\/\/archive.sana.sy\/es\/index.php?rest_route=%2Fwp%2Fv2%2Fcomments&post=106784"}],"version-history":[{"count":0,"href":"https:\/\/archive.sana.sy\/es\/index.php?rest_route=\/wp\/v2\/posts\/106784\/revisions"}],"wp:featuredmedia":[{"embeddable":true,"href":"https:\/\/archive.sana.sy\/es\/index.php?rest_route=\/wp\/v2\/media\/106785"}],"wp:attachment":[{"href":"https:\/\/archive.sana.sy\/es\/index.php?rest_route=%2Fwp%2Fv2%2Fmedia&parent=106784"}],"wp:term":[{"taxonomy":"category","embeddable":true,"href":"https:\/\/archive.sana.sy\/es\/index.php?rest_route=%2Fwp%2Fv2%2Fcategories&post=106784"},{"taxonomy":"post_tag","embeddable":true,"href":"https:\/\/archive.sana.sy\/es\/index.php?rest_route=%2Fwp%2Fv2%2Ftags&post=106784"}],"curies":[{"name":"wp","href":"https:\/\/api.w.org\/{rel}","templated":true}]}}