{"id":106852,"date":"2019-05-15T20:41:39","date_gmt":"2019-05-15T17:41:39","guid":{"rendered":"https:\/\/www.sana.sy\/es\/?p=106852"},"modified":"2023-01-10T15:15:46","modified_gmt":"2023-01-10T13:15:46","slug":"conversaciones-sirio-iranies-para-reforzar-la-cooperacion-economico-comercial","status":"publish","type":"post","link":"https:\/\/archive.sana.sy\/es\/?p=106852","title":{"rendered":"Conversaciones sirio-iran\u00edes para reforzar la cooperaci\u00f3n econ\u00f3mico-comercial"},"content":{"rendered":"<p style=\"text-align: justify;\"><span style=\"color: #800000;\">Damasco, SANA<\/span><\/p>\n<p style=\"text-align: justify;\">El ministro de Comercio Exterior y Protecci\u00f3n al Consumidor, Dr. Atef Naddaf, recibi\u00f3 este mi\u00e9rcoles a Hassan Danai-Far, asesor del primer vicepresidente de la Rep\u00fablica Isl\u00e1mica de Ir\u00e1n, jefe del Comit\u00e9 para el Desarrollo de las Relaciones iran\u00edes con Siria e Irak.<\/p>\n<p style=\"text-align: justify;\">Durante el encuentro, ambas partes abordaron las v\u00edas de reforzar las relaciones de cooperaci\u00f3n y el intercambio comercial entre Siria e Ir\u00e1n, la implementaci\u00f3n de nuevos proyectos de desarrollo, as\u00ed como los medios de satisfacer la necesidad de ambos mercados de mercanc\u00eda y productos alimentarios.<\/p>\n<p style=\"text-align: justify;\">En este marco, el titular del Comercio sirio subray\u00f3 la necesidad de impulsar el trabajo conjunto en materia de construir y rehabilitar los molinos y silos, recordando que el molino de Um al-Zaitun que fue instalado en Swaida en colaboraci\u00f3n con la parte iran\u00ed representa un avance en este campo de trabajo.<\/p>\n<p style=\"text-align: justify;\">Por su parte, el funcionario persa valor\u00f3 altamente la heroicidad del pueblo sirio y su resistencia a la guerra injusta librada en su contra, reiterando la disposici\u00f3n de su pa\u00eds de cooperar con Siria en todos los \u00e1mbitos, especialmente la edificaci\u00f3n de molinos y silos.<\/p>\n<p>&nbsp;<\/p>\n<p style=\"text-align: justify;\">Lynn A.<\/p>\n","protected":false},"excerpt":{"rendered":"<p>Damasco, SANA El ministro de Comercio Exterior y Protecci\u00f3n al Consumidor, Dr. Atef Naddaf, recibi\u00f3 este mi\u00e9rcoles a Hassan Danai-Far, asesor del primer vicepresidente de la Rep\u00fablica Isl\u00e1mica de Ir\u00e1n, jefe del Comit\u00e9 para el Desarrollo de las Relaciones iran\u00edes con Siria e Irak. Durante el encuentro, ambas partes abordaron las v\u00edas de reforzar las &hellip;<\/p>\n","protected":false},"author":24,"featured_media":106863,"comment_status":"closed","ping_status":"closed","sticky":false,"template":"","format":"standard","meta":{"footnotes":""},"categories":[597,485,7541],"tags":[],"class_list":["post-106852","post","type-post","status-publish","format-standard","has-post-thumbnail","","category-cinta-de-noticias","category-informes-negocios-y-finanzas","category-ultimas-noticias"],"_links":{"self":[{"href":"https:\/\/archive.sana.sy\/es\/index.php?rest_route=\/wp\/v2\/posts\/106852"}],"collection":[{"href":"https:\/\/archive.sana.sy\/es\/index.php?rest_route=\/wp\/v2\/posts"}],"about":[{"href":"https:\/\/archive.sana.sy\/es\/index.php?rest_route=\/wp\/v2\/types\/post"}],"author":[{"embeddable":true,"href":"https:\/\/archive.sana.sy\/es\/index.php?rest_route=\/wp\/v2\/users\/24"}],"replies":[{"embeddable":true,"href":"https:\/\/archive.sana.sy\/es\/index.php?rest_route=%2Fwp%2Fv2%2Fcomments&post=106852"}],"version-history":[{"count":0,"href":"https:\/\/archive.sana.sy\/es\/index.php?rest_route=\/wp\/v2\/posts\/106852\/revisions"}],"wp:featuredmedia":[{"embeddable":true,"href":"https:\/\/archive.sana.sy\/es\/index.php?rest_route=\/wp\/v2\/media\/106863"}],"wp:attachment":[{"href":"https:\/\/archive.sana.sy\/es\/index.php?rest_route=%2Fwp%2Fv2%2Fmedia&parent=106852"}],"wp:term":[{"taxonomy":"category","embeddable":true,"href":"https:\/\/archive.sana.sy\/es\/index.php?rest_route=%2Fwp%2Fv2%2Fcategories&post=106852"},{"taxonomy":"post_tag","embeddable":true,"href":"https:\/\/archive.sana.sy\/es\/index.php?rest_route=%2Fwp%2Fv2%2Ftags&post=106852"}],"curies":[{"name":"wp","href":"https:\/\/api.w.org\/{rel}","templated":true}]}}