{"id":107121,"date":"2019-05-20T22:05:24","date_gmt":"2019-05-20T19:05:24","guid":{"rendered":"https:\/\/sana.sy\/es\/?p=107121"},"modified":"2019-05-20T22:58:32","modified_gmt":"2019-05-20T19:58:32","slug":"siria-aboga-por-una-cooperacion-estrategica-a-largo-plazo-con-la-india","status":"publish","type":"post","link":"https:\/\/archive.sana.sy\/es\/?p=107121","title":{"rendered":"Siria aboga por una cooperaci\u00f3n estrat\u00e9gica a largo plazo con La India"},"content":{"rendered":"<p style=\"text-align: justify;\"><span style=\"color: #800000;\">Damasco, SANA<\/span><\/p>\n<p style=\"text-align: justify;\">El Viceprimer Ministro y ministro de Exteriores y Emigrantes, Walid Al-Moallem, recibi\u00f3 hoy en la sede de la canciller\u00eda siria, al viceministro de Exteriores indio, T.S Threatorti, y la delegaci\u00f3n que lo acompa\u00f1a.<\/p>\n<p style=\"text-align: justify;\">Las conversaciones entre las dos partes abordaron las hist\u00f3ricas relaciones de cooperaci\u00f3n y amistad entre los dos pa\u00edses y los medios de potenciarlas en todos los campos, particularmente en lo econ\u00f3mico y comercial, adem\u00e1s de la contribuci\u00f3n de la India al proceso de reconstrucci\u00f3n de Siria.<\/p>\n<p style=\"text-align: justify;\">Asimismo, se repasaron los preparativos en curso para la pr\u00f3xima celebraci\u00f3n en Damasco del tercer per\u00edodo de reuniones de la Comisi\u00f3n Mixta Sirio-indio para la cooperaci\u00f3n econ\u00f3mica, cultural, cient\u00edfica y t\u00e9cnica.<\/p>\n<p style=\"text-align: justify;\">La evoluci\u00f3n de la situaci\u00f3n en Siria y la guerra contra el terrorismo han sido tambi\u00e9n temas claves de las conversaciones bilaterales, y al respecto, los puntos de visita de ambas partes coincidieron.<\/p>\n<p style=\"text-align: justify;\"><span style=\"color: #0000ff;\">Al-Moallem: Damasco alienta a la India a participar en el proceso de reconstrucci\u00f3n.<\/span><\/p>\n<p style=\"text-align: justify;\">El canciller Al-Moallem destac\u00f3 los s\u00f3lidos lazos entre los dos pa\u00edses amigos y expres\u00f3 el aprecio al pueblo y al gobierno de la India por apoyar a Siria en los foros internacionales y por estar al lado del pueblo sirio en su lucha contra el terrorismo.<\/p>\n<p style=\"text-align: justify;\">\u201cEs importante impulsar la cooperaci\u00f3n sirio-india en los diversos campos y en todo lo que pueda contribuir a una cooperaci\u00f3n estrat\u00e9gica a largo plazo\u201d, dijo Al-Moallem y agreg\u00f3 que Damasco alienta a la India a participar en el proceso de reconstrucci\u00f3n.<\/p>\n<p style=\"text-align: justify;\">A su vez, el viceministro de Exteriores reafirm\u00f3 que su pa\u00eds seguir\u00e1 apoyando a Siria y desea participar en la reconstrucci\u00f3n del pa\u00eds.<\/p>\n<p style=\"text-align: justify;\">\u201cAdmiro al gobierno y al pueblo sirios por su firmeza ante el terrorismo y reitero el compromiso de la India con la soberan\u00eda, la unidad y la integridad territorial de Siria\u201d, dijo el diplom\u00e1tico indio.<\/p>\n<p style=\"text-align: justify;\"><span style=\"color: #0000ff;\">Mekdad: Siria y la India comparten muchos valores culturales<\/span><\/p>\n<p style=\"text-align: justify;\">Por otro lado, el vicecanciller Faisal Mekdad sostuvo un encuentro con su hom\u00f3logo indio, donde ambos abordaron las v\u00edas para mejorar las relaciones entre los dos pa\u00edses.<\/p>\n<p style=\"text-align: justify;\">Mekdad destac\u00f3 las profundas relaciones hist\u00f3ricas entre la Rep\u00fablica \u00c1rabe Siria y la Rep\u00fablica de la India y los valores culturales que comparten ambos pa\u00edses amigos, y destac\u00f3 la necesidad de partir de esta base cultural para la cooperaci\u00f3n en aras de construir un presente y un futuro mejor y fortalecer las relaciones bilaterales en varios niveles.<\/p>\n<p style=\"text-align: justify;\">\u201cLa India dispone de enormes potencialidades y puede jugar un rol importante en el proceso de reconstrucci\u00f3n de Siria\u201d, dijo el vicecanciller sirio.<\/p>\n<p style=\"text-align: justify;\"><span style=\"color: #0000ff;\">F. Marouf\/ E. Dubian<\/span><\/p>\n","protected":false},"excerpt":{"rendered":"<p>Damasco, SANA El Viceprimer Ministro y ministro de Exteriores y Emigrantes, Walid Al-Moallem, recibi\u00f3 hoy en la sede de la canciller\u00eda siria, al viceministro de Exteriores indio, T.S Threatorti, y la delegaci\u00f3n que lo acompa\u00f1a. Las conversaciones entre las dos partes abordaron las hist\u00f3ricas relaciones de cooperaci\u00f3n y amistad entre los dos pa\u00edses y los &hellip;<\/p>\n","protected":false},"author":32,"featured_media":107122,"comment_status":"closed","ping_status":"closed","sticky":false,"template":"","format":"standard","meta":{"footnotes":""},"categories":[597,476,7541],"tags":[15405],"class_list":["post-107121","post","type-post","status-publish","format-standard","has-post-thumbnail","","category-cinta-de-noticias","category-locales","category-ultimas-noticias","tag-siria-aboga-por-una-cooperacion-estrategica-a-largo-plazo-con-la-india"],"_links":{"self":[{"href":"https:\/\/archive.sana.sy\/es\/index.php?rest_route=\/wp\/v2\/posts\/107121"}],"collection":[{"href":"https:\/\/archive.sana.sy\/es\/index.php?rest_route=\/wp\/v2\/posts"}],"about":[{"href":"https:\/\/archive.sana.sy\/es\/index.php?rest_route=\/wp\/v2\/types\/post"}],"author":[{"embeddable":true,"href":"https:\/\/archive.sana.sy\/es\/index.php?rest_route=\/wp\/v2\/users\/32"}],"replies":[{"embeddable":true,"href":"https:\/\/archive.sana.sy\/es\/index.php?rest_route=%2Fwp%2Fv2%2Fcomments&post=107121"}],"version-history":[{"count":0,"href":"https:\/\/archive.sana.sy\/es\/index.php?rest_route=\/wp\/v2\/posts\/107121\/revisions"}],"wp:featuredmedia":[{"embeddable":true,"href":"https:\/\/archive.sana.sy\/es\/index.php?rest_route=\/wp\/v2\/media\/107122"}],"wp:attachment":[{"href":"https:\/\/archive.sana.sy\/es\/index.php?rest_route=%2Fwp%2Fv2%2Fmedia&parent=107121"}],"wp:term":[{"taxonomy":"category","embeddable":true,"href":"https:\/\/archive.sana.sy\/es\/index.php?rest_route=%2Fwp%2Fv2%2Fcategories&post=107121"},{"taxonomy":"post_tag","embeddable":true,"href":"https:\/\/archive.sana.sy\/es\/index.php?rest_route=%2Fwp%2Fv2%2Ftags&post=107121"}],"curies":[{"name":"wp","href":"https:\/\/api.w.org\/{rel}","templated":true}]}}