{"id":107150,"date":"2019-05-20T22:34:50","date_gmt":"2019-05-20T19:34:50","guid":{"rendered":"https:\/\/sana.sy\/es\/?p=107150"},"modified":"2019-08-21T22:08:13","modified_gmt":"2019-08-21T19:08:13","slug":"al-assad-inaugura-el-centro-islamico-internacional-%c2%a8cham%c2%a8","status":"publish","type":"post","link":"https:\/\/archive.sana.sy\/es\/?p=107150","title":{"rendered":"Presidente al-Assad inaugura el Centro Isl\u00e1mico Internacional para enfrentar el terrorismo y el extremismo"},"content":{"rendered":"<p><span style=\"color: #800000;\">Damasco-SANA<\/span><\/p>\n<p style=\"text-align: justify;\">El presidente Bashar al-Assad, inaugur\u00f3 el Centro Isl\u00e1mico Internacional \u201cCham\u201d para afrontar el terrorismo y el extremismo.<\/p>\n<p style=\"text-align: justify;\">A su llegada al centro, el presidente fue recibido por el ministro de Asuntos Religiosos (Awqaf), Mohammed Abdulsattar Al-Sayyed; el Muft\u00ed General de la Rep\u00fablica, Ahmad Badder Eddin Hassoun; el muft\u00ed de Damasco y su campo, Adnan Al-Afiuni; y el presidente de la Uni\u00f3n de Ulemas del Levante y principal ulema de Damasco, Tawfiq Al-Bouti.<\/p>\n<p style=\"text-align: justify;\">El presidente hizo un recorrido por las diferentes secciones del centro y escuch\u00f3 a una explicaci\u00f3n detallada del director del mismo, Adnan Al-Afiuni.<\/p>\n<p style=\"text-align: justify;\">El nuevo centro abarca al Instituto Nacional para Capacitaci\u00f3n de Ulemas e imanes de mezquitas, el Instituto Internacional de Ciencias Isl\u00e1micas y Ar\u00e1bicas que abrir\u00e1 sus puertas para aquellos que quieran aprender y adquirir las ciencias isl\u00e1micas moderadas de los ulemas del levante.<\/p>\n<p style=\"text-align: justify;\">Tambi\u00e9n abarca una secci\u00f3n para monitorear y tratar la ideolog\u00eda extremista y los Fatwas takfir\u00edes difundidas a trav\u00e9s del Internet.<\/p>\n<p style=\"text-align: justify;\">Tambi\u00e9n, dispone de un departamento de lucha contra la ideolog\u00eda extremista, un centro de investigaci\u00f3n cient\u00edfica, una biblioteca y salas de conferencias.<\/p>\n<p><span style=\"color: #0000ff;\">Al-Assad: el pueblo y el ej\u00e9rcito sirio luchan contra un terrorismo generado del extremismo<\/span><\/p>\n<p style=\"text-align: justify;\">Luego, el presidente al-Assad se reuni\u00f3 con un grupo de los ulemas de Damasco y pronunci\u00f3 unas palabras en las que afirm\u00f3 que el lanzamiento del centro en el Ramad\u00e1n es un indicador y mensaje de que este sagrado mes es de trabajo y acci\u00f3n.<\/p>\n<p style=\"text-align: justify;\">\u201cCon su firmeza y resistencia, el pueblo sirio lucha contra el terrorismo y el extremismo, y el valiente ej\u00e9rcito sirio combate el terrorismo generado del extremismo, y los ulemas luchan tambi\u00e9n contra el radicalismo que lleva al terrorismo\u201d, dijo el presidente.<\/p>\n<p style=\"text-align: justify;\"><span style=\"color: #0000ff;\">Al-Assad: el Levante siempre ha sido moderado en el marco religioso y social<\/span><\/p>\n<p style=\"text-align: justify;\">Agreg\u00f3 que la lucha contra el extremismo comienza con la Moderaci\u00f3n y la religi\u00f3n musulmana es inocente de todas las acusaciones dirigidas en su contra, e hist\u00f3ricamente el Levante siempre ha sido moderado en el marco religioso y social.<\/p>\n<p style=\"text-align: justify;\">\u201cEl profeta nos advirti\u00f3 de la exageraci\u00f3n en la religi\u00f3n, y lamentablemente la Hermandad Musulmana distorsion\u00f3 la imagen del Islam en las \u00faltimas d\u00e9cadas, mediante la introducci\u00f3n del concepto de la violencia en la religi\u00f3n basada en los pilares del bien, el derecho y la justicia\u201d, aclar\u00f3.<\/p>\n<p style=\"text-align: justify;\"><span style=\"color: #0000ff;\">Al-Assad: la lucha contra el extremismo empez\u00f3 desde los primeros meses de la aparici\u00f3n del terrorismo en Siria<\/span><\/p>\n<p style=\"text-align: justify;\">El l\u00edder sirio acot\u00f3 que la lucha contra el terrorismo y el extremismo no comenz\u00f3 con el lanzamiento de este centro, sino empez\u00f3 desde los primeros meses en los que apareci\u00f3 el terrorismo en Siria.<\/p>\n<p style=\"text-align: justify;\">\u201cEl Centro es el inicio sino es un paso en el contexto de la lucha contra el terrorismo, y tomamos en cuenta que cuando planeamos para el futuro debemos partir del presente\u201d, opin\u00f3.<\/p>\n<p style=\"text-align: justify;\">El mandatario sirio explic\u00f3 que \u201calgunos creen que despu\u00e9s de nueve a\u00f1os de guerra, el sectarismo increment\u00f3 en Siria y lleg\u00f3 a un grado sin precedentes, pero en realidad, eso no es verdad y la situaci\u00f3n de la sociedad es mucho mejor que antes de la guerra.<\/p>\n<p style=\"text-align: justify;\">\u201cEl pueblo sirio se percat\u00f3 que la guerra contra su pa\u00eds comenz\u00f3 con un discurso sectario extremista promovido desde el exterior, y si hibiera hecho caso a ese discurso la sociedad siria no hubiera resistido tantos a\u00f1os y estuviera ahora fragmentada\u201d, explic\u00f3.<\/p>\n<p style=\"text-align: justify;\"><span style=\"color: #0000ff;\">Al-Assad: Somos m\u00e1s capaces ahora de diferenciar entre la religiosidad constructiva y el fanatismo destructivo<\/span><\/p>\n<p style=\"text-align: justify;\">Al-Assad afirm\u00f3 en sus palabras que \u201ces cierto que la guerra es externa, pero se apoy\u00f3 en elementos internos, y fue una dura lecci\u00f3n de la cual se benefici\u00f3 la mayor\u00eda del pueblo sirio.<\/p>\n<p style=\"text-align: justify;\">\u201cHoy en d\u00eda, somos m\u00e1s capaces de distinguir entre la religiosidad y el fanatismo y comenzamos a diferenciar entre la religiosidad constructiva y el fanatismo destructivo\u201d.<\/p>\n<p style=\"text-align: justify;\">Record\u00f3 que en durante la guerra y siempre que un proyectil o una bala impacta en una mezquita, ellos alegaban que el gobierno sirio pretend\u00eda hacerlo para golpear al Islam y sus s\u00edmbolos, e incluso promovieron la idea de que el Estado es laico y ateo y est\u00e1 en contra de la religi\u00f3n y, por lo tanto, contra la moral.<\/p>\n<p style=\"text-align: justify;\"><span style=\"color: #0000ff;\">Al-Assad: El terrorismo en Siria no proviene de las costumbres sirias sino del exterior<\/span><\/p>\n<p style=\"text-align: justify;\">Por otro lado, el presidente manifest\u00f3 que \u201clo que hemos sufrido en esta guerra est\u00e1 vinculado con el extremismo religioso, y la maquinaria del wahabismo contribuy\u00f3 a consagrar esta realidad\u201d.<\/p>\n<p style=\"text-align: justify;\">\u201cEl terrorismo en Siria no proviene de las tradiciones y costumbres sirias sino del exterior\u201d, agreg\u00f3.<\/p>\n<p style=\"text-align: justify;\">Explic\u00f3 que la religi\u00f3n es una semilla que se siembra en una tierra buena, crece y nos da buenos frutos y sombra que nos proteja, pero si la tierra es mala, el \u00e1rbol crecer\u00e1 mal y nunca ser\u00e1 \u00fatil.<\/p>\n<p style=\"text-align: justify;\"><span style=\"color: #0000ff;\">Al-Assad: La conciencia es la que nos permite distinguir entre una idea extremista y otra moderada<\/span><\/p>\n<p style=\"text-align: justify;\">\u201cLa conciencia es lo \u00fanico que protege a cualquier sociedad e individuo del error y la desviaci\u00f3n, y es la que nos permite distinguir entre una idea extremista y otra moderada, o entre un discurso l\u00f3gico y otro il\u00f3gico\u201d, manifest\u00f3.<\/p>\n<p style=\"text-align: justify;\">El presidente Bashar Al-Assad concluy\u00f3 sus palabras con un llamamiento para consagrar el di\u00e1logo, y afirmo que una religi\u00f3n sin di\u00e1logo es una religi\u00f3n de rituales nada m\u00e1s.<\/p>\n<p><span style=\"color: #0000ff;\">F. Marouf\/ Y. K.\/ R. Rashed\u00a0\u00a0<\/span><\/p>\n<p><img decoding=\"async\" src=\"http:\/\/www.sana.sy\/wp-content\/uploads\/2019\/05\/DSC_8867-1.jpg\" \/><\/p>\n<p><img decoding=\"async\" src=\"http:\/\/www.sana.sy\/wp-content\/uploads\/2019\/05\/2-181.jpg\" \/><\/p>\n<p><img decoding=\"async\" src=\"http:\/\/www.sana.sy\/wp-content\/uploads\/2019\/05\/11-127.jpg\" \/><\/p>\n<p><img decoding=\"async\" src=\"http:\/\/www.sana.sy\/wp-content\/uploads\/2019\/05\/12-79.jpg\" \/><\/p>\n<p><img decoding=\"async\" src=\"https:\/\/www.sana.sy\/wp-content\/uploads\/2019\/05\/DSC_7781.jpg\" \/><\/p>\n<p>&nbsp;<\/p>\n<p><img decoding=\"async\" src=\"https:\/\/sana.sy\/wp-content\/uploads\/2019\/05\/4-130.jpg\" \/><\/p>\n<p>&nbsp;<\/p>\n<p>&nbsp;<\/p>\n","protected":false},"excerpt":{"rendered":"<p>Damasco-SANA El presidente Bashar al-Assad, inaugur\u00f3 el Centro Isl\u00e1mico Internacional \u201cCham\u201d para afrontar el terrorismo y el extremismo. A su llegada al centro, el presidente fue recibido por el ministro de Asuntos Religiosos (Awqaf), Mohammed Abdulsattar Al-Sayyed; el Muft\u00ed General de la Rep\u00fablica, Ahmad Badder Eddin Hassoun; el muft\u00ed de Damasco y su campo, Adnan &hellip;<\/p>\n","protected":false},"author":1,"featured_media":107161,"comment_status":"closed","ping_status":"closed","sticky":false,"template":"","format":"standard","meta":{"footnotes":""},"categories":[597,16237,626,7541],"tags":[15409],"class_list":["post-107150","post","type-post","status-publish","format-standard","has-post-thumbnail","","category-cinta-de-noticias","category-presidence-de-la-republique-arabe-syria","category-sr-presidente","category-ultimas-noticias","tag-presidente-al-assad-inaugura-el-centro-islamico-internacional-para-enfrentar-el-terrorismo-y-el-extremismo"],"_links":{"self":[{"href":"https:\/\/archive.sana.sy\/es\/index.php?rest_route=\/wp\/v2\/posts\/107150"}],"collection":[{"href":"https:\/\/archive.sana.sy\/es\/index.php?rest_route=\/wp\/v2\/posts"}],"about":[{"href":"https:\/\/archive.sana.sy\/es\/index.php?rest_route=\/wp\/v2\/types\/post"}],"author":[{"embeddable":true,"href":"https:\/\/archive.sana.sy\/es\/index.php?rest_route=\/wp\/v2\/users\/1"}],"replies":[{"embeddable":true,"href":"https:\/\/archive.sana.sy\/es\/index.php?rest_route=%2Fwp%2Fv2%2Fcomments&post=107150"}],"version-history":[{"count":0,"href":"https:\/\/archive.sana.sy\/es\/index.php?rest_route=\/wp\/v2\/posts\/107150\/revisions"}],"wp:featuredmedia":[{"embeddable":true,"href":"https:\/\/archive.sana.sy\/es\/index.php?rest_route=\/wp\/v2\/media\/107161"}],"wp:attachment":[{"href":"https:\/\/archive.sana.sy\/es\/index.php?rest_route=%2Fwp%2Fv2%2Fmedia&parent=107150"}],"wp:term":[{"taxonomy":"category","embeddable":true,"href":"https:\/\/archive.sana.sy\/es\/index.php?rest_route=%2Fwp%2Fv2%2Fcategories&post=107150"},{"taxonomy":"post_tag","embeddable":true,"href":"https:\/\/archive.sana.sy\/es\/index.php?rest_route=%2Fwp%2Fv2%2Ftags&post=107150"}],"curies":[{"name":"wp","href":"https:\/\/api.w.org\/{rel}","templated":true}]}}