{"id":107163,"date":"2019-05-21T11:17:58","date_gmt":"2019-05-21T08:17:58","guid":{"rendered":"https:\/\/sana.sy\/es\/?p=107163"},"modified":"2019-05-21T11:17:58","modified_gmt":"2019-05-21T08:17:58","slug":"explosion-de-una-mina-terrorista-mata-a-un-civil-en-harasta-cerca-de-damasco","status":"publish","type":"post","link":"https:\/\/archive.sana.sy\/es\/?p=107163","title":{"rendered":"Explosi\u00f3n de una mina terrorista mata a un civil en Harasta, cerca de Damasco"},"content":{"rendered":"<p style=\"text-align: justify;\"><span style=\"color: #800000;\">Damasco-campo, SANA<\/span><\/p>\n<p style=\"text-align: justify;\">Un civil perdi\u00f3 la vida y otro result\u00f3 herido en la explosi\u00f3n de una mina remanente de las organizaciones terroristas en la localidad de Harasta, en Ghouta Oriental, en el campo de Damasco.<\/p>\n<p style=\"text-align: justify;\">La Polic\u00eda de la provincia de Damasco-campo inform\u00f3 que la mina explot\u00f3 en un campo agr\u00edcola mientras los campesinos laboraban en sus tierras.<\/p>\n<p style=\"text-align: justify;\">&#8220;La explosi\u00f3n cobr\u00f3 la vida de un hombre de 60 a\u00f1os de edad y caus\u00f3 lesiones a otra persona&#8221;, agreg\u00f3.<\/p>\n<p style=\"text-align: justify;\">El 11 de mayo pasado, un ni\u00f1o muri\u00f3 y sus dos hermanos resultaron heridos cuando una mina terrorista explot\u00f3 en la aldea de Sakka, en la localidad de Ghezlanieh, en el este de Ghouta.<\/p>\n<p style=\"text-align: justify;\"><span style=\"color: #0000ff;\">E. Dubian\/ F. Marouf<\/span><\/p>\n","protected":false},"excerpt":{"rendered":"<p>Damasco-campo, SANA Un civil perdi\u00f3 la vida y otro result\u00f3 herido en la explosi\u00f3n de una mina remanente de las organizaciones terroristas en la localidad de Harasta, en Ghouta Oriental, en el campo de Damasco. La Polic\u00eda de la provincia de Damasco-campo inform\u00f3 que la mina explot\u00f3 en un campo agr\u00edcola mientras los campesinos laboraban &hellip;<\/p>\n","protected":false},"author":32,"featured_media":107164,"comment_status":"closed","ping_status":"closed","sticky":false,"template":"","format":"standard","meta":{"footnotes":""},"categories":[597,573,7541],"tags":[15410],"class_list":["post-107163","post","type-post","status-publish","format-standard","has-post-thumbnail","","category-cinta-de-noticias","category-la-realidad-de-los-acontecimientos-en-siria","category-ultimas-noticias","tag-explosion-de-una-mina-terrorista-mata-a-un-civil-en-harasta-cerca-de-damasco"],"_links":{"self":[{"href":"https:\/\/archive.sana.sy\/es\/index.php?rest_route=\/wp\/v2\/posts\/107163"}],"collection":[{"href":"https:\/\/archive.sana.sy\/es\/index.php?rest_route=\/wp\/v2\/posts"}],"about":[{"href":"https:\/\/archive.sana.sy\/es\/index.php?rest_route=\/wp\/v2\/types\/post"}],"author":[{"embeddable":true,"href":"https:\/\/archive.sana.sy\/es\/index.php?rest_route=\/wp\/v2\/users\/32"}],"replies":[{"embeddable":true,"href":"https:\/\/archive.sana.sy\/es\/index.php?rest_route=%2Fwp%2Fv2%2Fcomments&post=107163"}],"version-history":[{"count":0,"href":"https:\/\/archive.sana.sy\/es\/index.php?rest_route=\/wp\/v2\/posts\/107163\/revisions"}],"wp:featuredmedia":[{"embeddable":true,"href":"https:\/\/archive.sana.sy\/es\/index.php?rest_route=\/wp\/v2\/media\/107164"}],"wp:attachment":[{"href":"https:\/\/archive.sana.sy\/es\/index.php?rest_route=%2Fwp%2Fv2%2Fmedia&parent=107163"}],"wp:term":[{"taxonomy":"category","embeddable":true,"href":"https:\/\/archive.sana.sy\/es\/index.php?rest_route=%2Fwp%2Fv2%2Fcategories&post=107163"},{"taxonomy":"post_tag","embeddable":true,"href":"https:\/\/archive.sana.sy\/es\/index.php?rest_route=%2Fwp%2Fv2%2Ftags&post=107163"}],"curies":[{"name":"wp","href":"https:\/\/api.w.org\/{rel}","templated":true}]}}