{"id":107173,"date":"2019-05-21T12:05:46","date_gmt":"2019-05-21T09:05:46","guid":{"rendered":"https:\/\/sana.sy\/es\/?p=107173"},"modified":"2023-01-10T15:10:02","modified_gmt":"2023-01-10T13:10:02","slug":"178-companias-participan-en-una-nueva-edicion-de-la-feria-hecho-en-siria","status":"publish","type":"post","link":"https:\/\/archive.sana.sy\/es\/?p=107173","title":{"rendered":"178 compa\u00f1\u00edas participan en una nueva edici\u00f3n de la feria &#8220;Hecho en Siria&#8221;"},"content":{"rendered":"<p style=\"text-align: justify;\"><span style=\"color: #800000;\">Damasco, SANA<\/span><\/p>\n<p style=\"text-align: justify;\">Con la participaci\u00f3n de 178 empresas industriales nacionales, fue inaugurada la 87 edici\u00f3n de la feria &#8220;Hecho en Siria&#8221; que organiza la C\u00e1mara de Industria de Damasco en la ciudad deportiva al-Jalaa en la capital Damasco.<\/p>\n<p style=\"text-align: justify;\">Se exhibe en la feria que durar\u00e1 12 d\u00edas, una amplia gama de productos alimentarios, textiles, qu\u00edmicos entre otros.<\/p>\n<p style=\"text-align: justify;\">Los ciudadanos pueden comprar los productos directamente de los productores y con descuentos del 25 al 50 por ciento.<\/p>\n<p style=\"text-align: justify;\">El presidente de la C\u00e1mara de Industria de Damasco, Samer Al-Debs coment\u00f3 que la feria se celebra en el sagrado mes de Ramadan para ayudar a los ciudadanos a adquirir los productos a precios asequibles.<\/p>\n<p style=\"text-align: justify;\"><span style=\"color: #0000ff;\">E. Dubian\/ F. Marouf<\/span><\/p>\n<div id='gallery-1' class='gallery galleryid-107173 gallery-columns-3 gallery-size-thumbnail'><figure class='gallery-item'>\n\t\t\t<div class='gallery-icon landscape'>\n\t\t\t\t<a href='https:\/\/archive.sana.sy\/es\/?attachment_id=107175'><img loading=\"lazy\" decoding=\"async\" width=\"150\" height=\"100\" src=\"https:\/\/archive.sana.sy\/es\/wp-content\/uploads\/2019\/05\/JEN3601-150x100.jpg\" class=\"attachment-thumbnail size-thumbnail\" alt=\"\" srcset=\"https:\/\/archive.sana.sy\/es\/wp-content\/uploads\/2019\/05\/JEN3601-150x100.jpg 150w, https:\/\/archive.sana.sy\/es\/wp-content\/uploads\/2019\/05\/JEN3601-300x201.jpg 300w, https:\/\/archive.sana.sy\/es\/wp-content\/uploads\/2019\/05\/JEN3601-768x513.jpg 768w, https:\/\/archive.sana.sy\/es\/wp-content\/uploads\/2019\/05\/JEN3601-1024x684.jpg 1024w, https:\/\/archive.sana.sy\/es\/wp-content\/uploads\/2019\/05\/JEN3601-310x205.jpg 310w\" sizes=\"(max-width: 150px) 100vw, 150px\" \/><\/a>\n\t\t\t<\/div><\/figure><figure class='gallery-item'>\n\t\t\t<div class='gallery-icon landscape'>\n\t\t\t\t<a href='https:\/\/archive.sana.sy\/es\/?attachment_id=107176'><img loading=\"lazy\" decoding=\"async\" width=\"150\" height=\"93\" src=\"https:\/\/archive.sana.sy\/es\/wp-content\/uploads\/2019\/05\/JEN3618-150x93.jpg\" class=\"attachment-thumbnail size-thumbnail\" alt=\"\" srcset=\"https:\/\/archive.sana.sy\/es\/wp-content\/uploads\/2019\/05\/JEN3618-150x93.jpg 150w, https:\/\/archive.sana.sy\/es\/wp-content\/uploads\/2019\/05\/JEN3618-300x186.jpg 300w, https:\/\/archive.sana.sy\/es\/wp-content\/uploads\/2019\/05\/JEN3618-768x477.jpg 768w, https:\/\/archive.sana.sy\/es\/wp-content\/uploads\/2019\/05\/JEN3618-1024x636.jpg 1024w\" sizes=\"(max-width: 150px) 100vw, 150px\" \/><\/a>\n\t\t\t<\/div><\/figure><figure class='gallery-item'>\n\t\t\t<div class='gallery-icon landscape'>\n\t\t\t\t<a href='https:\/\/archive.sana.sy\/es\/?attachment_id=107177'><img loading=\"lazy\" decoding=\"async\" width=\"150\" height=\"94\" src=\"https:\/\/archive.sana.sy\/es\/wp-content\/uploads\/2019\/05\/JEN3620-150x94.jpg\" class=\"attachment-thumbnail size-thumbnail\" alt=\"\" srcset=\"https:\/\/archive.sana.sy\/es\/wp-content\/uploads\/2019\/05\/JEN3620-150x94.jpg 150w, https:\/\/archive.sana.sy\/es\/wp-content\/uploads\/2019\/05\/JEN3620-300x189.jpg 300w, https:\/\/archive.sana.sy\/es\/wp-content\/uploads\/2019\/05\/JEN3620-768x483.jpg 768w, https:\/\/archive.sana.sy\/es\/wp-content\/uploads\/2019\/05\/JEN3620-1024x645.jpg 1024w\" sizes=\"(max-width: 150px) 100vw, 150px\" \/><\/a>\n\t\t\t<\/div><\/figure><figure class='gallery-item'>\n\t\t\t<div class='gallery-icon landscape'>\n\t\t\t\t<a href='https:\/\/archive.sana.sy\/es\/?attachment_id=107178'><img loading=\"lazy\" decoding=\"async\" width=\"150\" height=\"101\" src=\"https:\/\/archive.sana.sy\/es\/wp-content\/uploads\/2019\/05\/JEN3626-150x101.jpg\" class=\"attachment-thumbnail size-thumbnail\" alt=\"\" srcset=\"https:\/\/archive.sana.sy\/es\/wp-content\/uploads\/2019\/05\/JEN3626-150x101.jpg 150w, https:\/\/archive.sana.sy\/es\/wp-content\/uploads\/2019\/05\/JEN3626-300x202.jpg 300w, https:\/\/archive.sana.sy\/es\/wp-content\/uploads\/2019\/05\/JEN3626-768x518.jpg 768w, https:\/\/archive.sana.sy\/es\/wp-content\/uploads\/2019\/05\/JEN3626-1024x691.jpg 1024w, https:\/\/archive.sana.sy\/es\/wp-content\/uploads\/2019\/05\/JEN3626-110x75.jpg 110w\" sizes=\"(max-width: 150px) 100vw, 150px\" \/><\/a>\n\t\t\t<\/div><\/figure><figure class='gallery-item'>\n\t\t\t<div class='gallery-icon landscape'>\n\t\t\t\t<a href='https:\/\/archive.sana.sy\/es\/?attachment_id=107179'><img loading=\"lazy\" decoding=\"async\" width=\"150\" height=\"95\" src=\"https:\/\/archive.sana.sy\/es\/wp-content\/uploads\/2019\/05\/JEN3634-150x95.jpg\" class=\"attachment-thumbnail size-thumbnail\" alt=\"\" srcset=\"https:\/\/archive.sana.sy\/es\/wp-content\/uploads\/2019\/05\/JEN3634-150x95.jpg 150w, https:\/\/archive.sana.sy\/es\/wp-content\/uploads\/2019\/05\/JEN3634-300x190.jpg 300w, https:\/\/archive.sana.sy\/es\/wp-content\/uploads\/2019\/05\/JEN3634-768x487.jpg 768w, https:\/\/archive.sana.sy\/es\/wp-content\/uploads\/2019\/05\/JEN3634-1024x649.jpg 1024w\" sizes=\"(max-width: 150px) 100vw, 150px\" \/><\/a>\n\t\t\t<\/div><\/figure><figure class='gallery-item'>\n\t\t\t<div class='gallery-icon landscape'>\n\t\t\t\t<a href='https:\/\/archive.sana.sy\/es\/?attachment_id=107180'><img loading=\"lazy\" decoding=\"async\" width=\"150\" height=\"100\" src=\"https:\/\/archive.sana.sy\/es\/wp-content\/uploads\/2019\/05\/JEN3636-150x100.jpg\" class=\"attachment-thumbnail size-thumbnail\" alt=\"\" srcset=\"https:\/\/archive.sana.sy\/es\/wp-content\/uploads\/2019\/05\/JEN3636-150x100.jpg 150w, https:\/\/archive.sana.sy\/es\/wp-content\/uploads\/2019\/05\/JEN3636-300x200.jpg 300w, https:\/\/archive.sana.sy\/es\/wp-content\/uploads\/2019\/05\/JEN3636-768x511.jpg 768w, https:\/\/archive.sana.sy\/es\/wp-content\/uploads\/2019\/05\/JEN3636-1024x682.jpg 1024w, https:\/\/archive.sana.sy\/es\/wp-content\/uploads\/2019\/05\/JEN3636-310x205.jpg 310w\" sizes=\"(max-width: 150px) 100vw, 150px\" \/><\/a>\n\t\t\t<\/div><\/figure><figure class='gallery-item'>\n\t\t\t<div class='gallery-icon landscape'>\n\t\t\t\t<a href='https:\/\/archive.sana.sy\/es\/?attachment_id=107181'><img loading=\"lazy\" decoding=\"async\" width=\"150\" height=\"94\" src=\"https:\/\/archive.sana.sy\/es\/wp-content\/uploads\/2019\/05\/JEN3645-150x94.jpg\" class=\"attachment-thumbnail size-thumbnail\" alt=\"\" srcset=\"https:\/\/archive.sana.sy\/es\/wp-content\/uploads\/2019\/05\/JEN3645-150x94.jpg 150w, https:\/\/archive.sana.sy\/es\/wp-content\/uploads\/2019\/05\/JEN3645-300x187.jpg 300w, https:\/\/archive.sana.sy\/es\/wp-content\/uploads\/2019\/05\/JEN3645-768x480.jpg 768w, https:\/\/archive.sana.sy\/es\/wp-content\/uploads\/2019\/05\/JEN3645-1024x640.jpg 1024w\" sizes=\"(max-width: 150px) 100vw, 150px\" \/><\/a>\n\t\t\t<\/div><\/figure>\n\t\t<\/div>\n\n","protected":false},"excerpt":{"rendered":"<p>Damasco, SANA Con la participaci\u00f3n de 178 empresas industriales nacionales, fue inaugurada la 87 edici\u00f3n de la feria &#8220;Hecho en Siria&#8221; que organiza la C\u00e1mara de Industria de Damasco en la ciudad deportiva al-Jalaa en la capital Damasco. Se exhibe en la feria que durar\u00e1 12 d\u00edas, una amplia gama de productos alimentarios, textiles, qu\u00edmicos &hellip;<\/p>\n","protected":false},"author":32,"featured_media":107174,"comment_status":"closed","ping_status":"closed","sticky":false,"template":"","format":"standard","meta":{"footnotes":""},"categories":[597,485,7541],"tags":[15412],"class_list":["post-107173","post","type-post","status-publish","format-standard","has-post-thumbnail","","category-cinta-de-noticias","category-informes-negocios-y-finanzas","category-ultimas-noticias","tag-178-companias-participan-en-una-nueva-edicion-de-la-feria-hecho-en-siria"],"_links":{"self":[{"href":"https:\/\/archive.sana.sy\/es\/index.php?rest_route=\/wp\/v2\/posts\/107173"}],"collection":[{"href":"https:\/\/archive.sana.sy\/es\/index.php?rest_route=\/wp\/v2\/posts"}],"about":[{"href":"https:\/\/archive.sana.sy\/es\/index.php?rest_route=\/wp\/v2\/types\/post"}],"author":[{"embeddable":true,"href":"https:\/\/archive.sana.sy\/es\/index.php?rest_route=\/wp\/v2\/users\/32"}],"replies":[{"embeddable":true,"href":"https:\/\/archive.sana.sy\/es\/index.php?rest_route=%2Fwp%2Fv2%2Fcomments&post=107173"}],"version-history":[{"count":0,"href":"https:\/\/archive.sana.sy\/es\/index.php?rest_route=\/wp\/v2\/posts\/107173\/revisions"}],"wp:featuredmedia":[{"embeddable":true,"href":"https:\/\/archive.sana.sy\/es\/index.php?rest_route=\/wp\/v2\/media\/107174"}],"wp:attachment":[{"href":"https:\/\/archive.sana.sy\/es\/index.php?rest_route=%2Fwp%2Fv2%2Fmedia&parent=107173"}],"wp:term":[{"taxonomy":"category","embeddable":true,"href":"https:\/\/archive.sana.sy\/es\/index.php?rest_route=%2Fwp%2Fv2%2Fcategories&post=107173"},{"taxonomy":"post_tag","embeddable":true,"href":"https:\/\/archive.sana.sy\/es\/index.php?rest_route=%2Fwp%2Fv2%2Ftags&post=107173"}],"curies":[{"name":"wp","href":"https:\/\/api.w.org\/{rel}","templated":true}]}}