{"id":107195,"date":"2019-05-21T18:43:28","date_gmt":"2019-05-21T15:43:28","guid":{"rendered":"https:\/\/sana.sy\/es\/?p=107195"},"modified":"2019-05-21T20:48:40","modified_gmt":"2019-05-21T17:48:40","slug":"ejercito-halla-armas-turcas-y-estadounidenses-en-sedes-dejados-por-terroristas-en-deraa","status":"publish","type":"post","link":"https:\/\/archive.sana.sy\/es\/?p=107195","title":{"rendered":"Ej\u00e9rcito halla armas turcas y estadounidenses en sedes dejados por terroristas"},"content":{"rendered":"<p style=\"text-align: justify\"><span style=\"color: #800000\">Provincias, SANA<\/span><\/p>\n<p style=\"text-align: justify\">Durante sus operativos de desminado y peinado en las zonas liberadas del terrorismo, los militares sirios hallaron armas, municiones y pertrechos b\u00e9licos, en las provincias de Damasco-campo y Deraa, inform\u00f3 este martes una fuente oficial.<\/p>\n<p style=\"text-align: justify\">Algunas de las armas y municiones halladas tienen marcas de fabricaci\u00f3n en EE.UU y Turqu\u00eda, agreg\u00f3.<\/p>\n<p style=\"text-align: justify\">Precis\u00f3 que entre las armas confiscadas figuran ametralladoras PKC y Dshka, cohetes Malyutk, fusiles autom\u00e1ticos de 16 mm de calibre, lanzacohetes RPG con sus municiones, cohetes de tanques,\u00a0 y morteros.<\/p>\n<p>En el mismo contexto, las autoridades competentes en Damasco-campo decomisaron pastillas estupefacientes Captagon y cantidades de hach\u00ed, agreg\u00f3 la fuente, aclarando que estas drogas iban a ser contrabandeadas a la regi\u00f3n sure\u00f1a.<\/p>\n<p style=\"text-align: justify\">En ocasiones anteriores, el Ej\u00e9rcito sirio descubri\u00f3 arsenales de terroristas con armas, munici\u00f3n, y material explosivo de fabricaci\u00f3n israel\u00ed y estadounidense.<\/p>\n<p style=\"text-align: justify\">Los altos mandos del ej\u00e9rcito sirio aseguran que las cantidades y cualidades de las armas y el material b\u00e9lico encontrado evidencia el involucramiento de Israel y los pa\u00edses de la OTAN en apoyar a los terroristas con el fin de prolongar la guerra.<\/p>\n<p style=\"text-align: justify\"><span style=\"color: #0000ff\">F. Marouf\/ E. Dubian\/ L.A.<\/span><\/p>\n<div id='gallery-1' class='gallery galleryid-107195 gallery-columns-1 gallery-size-full'><figure class='gallery-item'>\n\t\t\t<div class='gallery-icon landscape'>\n\t\t\t\t<a href='https:\/\/archive.sana.sy\/es\/wp-content\/uploads\/2019\/05\/2-184.jpg'><img loading=\"lazy\" decoding=\"async\" width=\"660\" height=\"410\" src=\"https:\/\/archive.sana.sy\/es\/wp-content\/uploads\/2019\/05\/2-184.jpg\" class=\"attachment-full size-full\" alt=\"\" srcset=\"https:\/\/archive.sana.sy\/es\/wp-content\/uploads\/2019\/05\/2-184.jpg 660w, https:\/\/archive.sana.sy\/es\/wp-content\/uploads\/2019\/05\/2-184-150x93.jpg 150w, https:\/\/archive.sana.sy\/es\/wp-content\/uploads\/2019\/05\/2-184-300x186.jpg 300w\" sizes=\"(max-width: 660px) 100vw, 660px\" \/><\/a>\n\t\t\t<\/div><\/figure><figure class='gallery-item'>\n\t\t\t<div class='gallery-icon landscape'>\n\t\t\t\t<a href='https:\/\/archive.sana.sy\/es\/wp-content\/uploads\/2019\/05\/3-174.jpg'><img loading=\"lazy\" decoding=\"async\" width=\"660\" height=\"485\" src=\"https:\/\/archive.sana.sy\/es\/wp-content\/uploads\/2019\/05\/3-174.jpg\" class=\"attachment-full size-full\" alt=\"\" srcset=\"https:\/\/archive.sana.sy\/es\/wp-content\/uploads\/2019\/05\/3-174.jpg 660w, https:\/\/archive.sana.sy\/es\/wp-content\/uploads\/2019\/05\/3-174-150x110.jpg 150w, https:\/\/archive.sana.sy\/es\/wp-content\/uploads\/2019\/05\/3-174-300x220.jpg 300w\" sizes=\"(max-width: 660px) 100vw, 660px\" \/><\/a>\n\t\t\t<\/div><\/figure><figure class='gallery-item'>\n\t\t\t<div class='gallery-icon landscape'>\n\t\t\t\t<a href='https:\/\/archive.sana.sy\/es\/wp-content\/uploads\/2019\/05\/4-135.jpg'><img loading=\"lazy\" decoding=\"async\" width=\"660\" height=\"454\" src=\"https:\/\/archive.sana.sy\/es\/wp-content\/uploads\/2019\/05\/4-135.jpg\" class=\"attachment-full size-full\" alt=\"\" srcset=\"https:\/\/archive.sana.sy\/es\/wp-content\/uploads\/2019\/05\/4-135.jpg 660w, https:\/\/archive.sana.sy\/es\/wp-content\/uploads\/2019\/05\/4-135-150x103.jpg 150w, https:\/\/archive.sana.sy\/es\/wp-content\/uploads\/2019\/05\/4-135-300x206.jpg 300w, https:\/\/archive.sana.sy\/es\/wp-content\/uploads\/2019\/05\/4-135-110x75.jpg 110w\" sizes=\"(max-width: 660px) 100vw, 660px\" \/><\/a>\n\t\t\t<\/div><\/figure><figure class='gallery-item'>\n\t\t\t<div class='gallery-icon landscape'>\n\t\t\t\t<a href='https:\/\/archive.sana.sy\/es\/wp-content\/uploads\/2019\/05\/captagon-1.jpg'><img loading=\"lazy\" decoding=\"async\" width=\"660\" height=\"418\" src=\"https:\/\/archive.sana.sy\/es\/wp-content\/uploads\/2019\/05\/captagon-1.jpg\" class=\"attachment-full size-full\" alt=\"\" srcset=\"https:\/\/archive.sana.sy\/es\/wp-content\/uploads\/2019\/05\/captagon-1.jpg 660w, https:\/\/archive.sana.sy\/es\/wp-content\/uploads\/2019\/05\/captagon-1-150x95.jpg 150w, https:\/\/archive.sana.sy\/es\/wp-content\/uploads\/2019\/05\/captagon-1-300x190.jpg 300w\" sizes=\"(max-width: 660px) 100vw, 660px\" \/><\/a>\n\t\t\t<\/div><\/figure>\n\t\t<\/div>\n\n","protected":false},"excerpt":{"rendered":"<p>Provincias, SANA Durante sus operativos de desminado y peinado en las zonas liberadas del terrorismo, los militares sirios hallaron armas, municiones y pertrechos b\u00e9licos, en las provincias de Damasco-campo y Deraa, inform\u00f3 este martes una fuente oficial. Algunas de las armas y municiones halladas tienen marcas de fabricaci\u00f3n en EE.UU y Turqu\u00eda, agreg\u00f3. Precis\u00f3 que &hellip;<\/p>\n","protected":false},"author":32,"featured_media":107196,"comment_status":"closed","ping_status":"closed","sticky":false,"template":"","format":"standard","meta":{"footnotes":""},"categories":[597,573,583],"tags":[15416],"class_list":["post-107195","post","type-post","status-publish","format-standard","has-post-thumbnail","","category-cinta-de-noticias","category-la-realidad-de-los-acontecimientos-en-siria","category-slide","tag-ejercito-halla-armas-turcas-y-estadounidenses-en-sedes-dejados-por-terroristas-en-deraa"],"_links":{"self":[{"href":"https:\/\/archive.sana.sy\/es\/index.php?rest_route=\/wp\/v2\/posts\/107195"}],"collection":[{"href":"https:\/\/archive.sana.sy\/es\/index.php?rest_route=\/wp\/v2\/posts"}],"about":[{"href":"https:\/\/archive.sana.sy\/es\/index.php?rest_route=\/wp\/v2\/types\/post"}],"author":[{"embeddable":true,"href":"https:\/\/archive.sana.sy\/es\/index.php?rest_route=\/wp\/v2\/users\/32"}],"replies":[{"embeddable":true,"href":"https:\/\/archive.sana.sy\/es\/index.php?rest_route=%2Fwp%2Fv2%2Fcomments&post=107195"}],"version-history":[{"count":0,"href":"https:\/\/archive.sana.sy\/es\/index.php?rest_route=\/wp\/v2\/posts\/107195\/revisions"}],"wp:featuredmedia":[{"embeddable":true,"href":"https:\/\/archive.sana.sy\/es\/index.php?rest_route=\/wp\/v2\/media\/107196"}],"wp:attachment":[{"href":"https:\/\/archive.sana.sy\/es\/index.php?rest_route=%2Fwp%2Fv2%2Fmedia&parent=107195"}],"wp:term":[{"taxonomy":"category","embeddable":true,"href":"https:\/\/archive.sana.sy\/es\/index.php?rest_route=%2Fwp%2Fv2%2Fcategories&post=107195"},{"taxonomy":"post_tag","embeddable":true,"href":"https:\/\/archive.sana.sy\/es\/index.php?rest_route=%2Fwp%2Fv2%2Ftags&post=107195"}],"curies":[{"name":"wp","href":"https:\/\/api.w.org\/{rel}","templated":true}]}}