{"id":107201,"date":"2019-05-21T18:00:17","date_gmt":"2019-05-21T15:00:17","guid":{"rendered":"https:\/\/sana.sy\/es\/?p=107201"},"modified":"2019-05-21T20:03:23","modified_gmt":"2019-05-21T17:03:23","slug":"yazji-178-centros-de-salud-y-17-hospitales-fueron-rehabilitados-y-reabrieron-sus-puertas","status":"publish","type":"post","link":"https:\/\/archive.sana.sy\/es\/?p=107201","title":{"rendered":"Yazji: 178 centros de salud y 17 hospitales fueron rehabilitados y reabrieron sus puertas"},"content":{"rendered":"<p style=\"text-align: justify\"><span style=\"color: #800000\">Ginebra, SANA<\/span><\/p>\n<p style=\"text-align: justify\">Con la participaci\u00f3n de una delegaci\u00f3n siria encabezada por el ministro de Salud, Nizar Yazji, contin\u00faan en la ciudad suiza de Ginebra, las sesiones de la Asamblea Mundial de la Salud que durar\u00e1n hasta el 28 de este mes.<\/p>\n<p style=\"text-align: justify\">En su intervenci\u00f3n ante la Asamblea, el ministro de Salud explic\u00f3 que el Gobierno sirio emple\u00f3 recursos y moviliz\u00f3 el personal necesario para rehabilitar las instituciones de salud destruidas por el terrorismo.<\/p>\n<p style=\"text-align: justify\">\u201cFueron rehabilitados y reabiertos 178 centros de salud y 17 hospitales, mientras otros cuatro hospitales est\u00e1n siendo equipados y abrir\u00e1n sus puertas en los pr\u00f3ximos d\u00edas en las provincias de Sweida, Homs, Tartous y Alepo\u201d, precis\u00f3 el titular sirio.<\/p>\n<p style=\"text-align: justify\">Revel\u00f3 que la industria farmac\u00e9utica siria ha empezado a recuperarse y actualmente cubren aproximadamente el 90 por ciento de las necesidades del mercado local.<\/p>\n<p style=\"text-align: justify\">Yazji agreg\u00f3 el n\u00famero de plantas de f\u00e1rmacos en Siria ascendi\u00f3 a 89, y se est\u00e1 trabajando para asegurar los medicamentos que no se producen localmente a trav\u00e9s de la cooperaci\u00f3n con pa\u00edses amigos debido a las dificultades generadas por las injustas sanciones econ\u00f3micas y el bloqueo occidental.<\/p>\n<p style=\"text-align: justify\">El titular de Salud sirio agreg\u00f3 que pese a todas las dificultades emanadas de la guerra terrorista, Siria firm\u00f3 el Pacto de la Cobertura Sanitaria Universal 2030.<\/p>\n<p style=\"text-align: justify\">Denunci\u00f3 que algunas entidades y organizaciones guardan silencio ante el sufrimiento de miles de desplazados sirios en el campamento de al-Rukban, los cuales viven en condiciones de salud catastr\u00f3ficas por ser detenidos por parte de las fuerzas ocupantes estadounidenses y sus mercenarios terroristas.<\/p>\n<p style=\"text-align: justify\">En este contexto, afirm\u00f3 que Siria no escatima esfuerzos para prestar la asistencia m\u00e9dica y todos los servicios necesarios a los ciudadanos que regresan del referido campamento.<\/p>\n<p style=\"text-align: justify\">Resalt\u00f3 el inter\u00e9s del gobierno sirio en hacer llegar la ayuda humanitaria a los desplazados que se encuentran en el campamento de al-Hol situado al este de la ciudad de Hassakeh, los cuales huyeron de los bombardeos de dirigidos por la llamada Coalici\u00f3n Internacional, liderada por Washington, contra la zona de al-Bagghuz en el campo de Deir Ezzor.<\/p>\n<p style=\"text-align: justify\">Hizo alusi\u00f3n a las solicitudes presentadas ante la Asamblea en varias ocasiones sobre la construcci\u00f3n de instituciones sanitarias en los pueblos del Gol\u00e1n sirio ocupado, asuntos descuidados por el ocupante israel\u00ed trata con el fin de presionar a los golaneses y obligarles a abandonar sus casas.<\/p>\n<p style=\"text-align: justify\">El ministro Yazayi habl\u00f3 tambi\u00e9n de las pr\u00e1cticas hostiles del ocupante israel\u00ed que ocasionaron la propagaci\u00f3n de varias epidemias y enfermedades, as\u00ed como arroj\u00f3 luz sobre las condiciones catastr\u00f3fica de en los que viven los detenidos sirios en las c\u00e1rceles israel\u00edes.<\/p>\n<p style=\"text-align: justify\">Reiter\u00f3 los llamados de Siria a la OMS para que asuma sus responsabilidades y alce su voz para levantar el injusto bloqueo econ\u00f3mico que ha afectados a todos los sectores de Siria, especialmente el sector de salud.<\/p>\n<p style=\"text-align: justify\">Cabe destacar que las actividades de 72 sesi\u00f3n de la Asamblea de la OMS comenzaron ayer y durar\u00e1n hasta el 28 del mes en curso.<\/p>\n<p>&nbsp;<\/p>\n<p style=\"text-align: justify\"><span style=\"color: #0000ff\">F. Marouf\/ E. Dubian\/Lynn A.<\/span><\/p>\n","protected":false},"excerpt":{"rendered":"<p>Ginebra, SANA Con la participaci\u00f3n de una delegaci\u00f3n siria encabezada por el ministro de Salud, Nizar Yazji, contin\u00faan en la ciudad suiza de Ginebra, las sesiones de la Asamblea Mundial de la Salud que durar\u00e1n hasta el 28 de este mes. En su intervenci\u00f3n ante la Asamblea, el ministro de Salud explic\u00f3 que el Gobierno &hellip;<\/p>\n","protected":false},"author":32,"featured_media":107202,"comment_status":"closed","ping_status":"closed","sticky":false,"template":"","format":"standard","meta":{"footnotes":""},"categories":[597,467,7541],"tags":[15417],"class_list":["post-107201","post","type-post","status-publish","format-standard","has-post-thumbnail","","category-cinta-de-noticias","category-siria-y-el-mundo","category-ultimas-noticias","tag-yazji-178-centros-de-salud-y-17-hospitales-fueron-rehabilitados-y-reabrieron-sus-puertas"],"_links":{"self":[{"href":"https:\/\/archive.sana.sy\/es\/index.php?rest_route=\/wp\/v2\/posts\/107201"}],"collection":[{"href":"https:\/\/archive.sana.sy\/es\/index.php?rest_route=\/wp\/v2\/posts"}],"about":[{"href":"https:\/\/archive.sana.sy\/es\/index.php?rest_route=\/wp\/v2\/types\/post"}],"author":[{"embeddable":true,"href":"https:\/\/archive.sana.sy\/es\/index.php?rest_route=\/wp\/v2\/users\/32"}],"replies":[{"embeddable":true,"href":"https:\/\/archive.sana.sy\/es\/index.php?rest_route=%2Fwp%2Fv2%2Fcomments&post=107201"}],"version-history":[{"count":0,"href":"https:\/\/archive.sana.sy\/es\/index.php?rest_route=\/wp\/v2\/posts\/107201\/revisions"}],"wp:featuredmedia":[{"embeddable":true,"href":"https:\/\/archive.sana.sy\/es\/index.php?rest_route=\/wp\/v2\/media\/107202"}],"wp:attachment":[{"href":"https:\/\/archive.sana.sy\/es\/index.php?rest_route=%2Fwp%2Fv2%2Fmedia&parent=107201"}],"wp:term":[{"taxonomy":"category","embeddable":true,"href":"https:\/\/archive.sana.sy\/es\/index.php?rest_route=%2Fwp%2Fv2%2Fcategories&post=107201"},{"taxonomy":"post_tag","embeddable":true,"href":"https:\/\/archive.sana.sy\/es\/index.php?rest_route=%2Fwp%2Fv2%2Ftags&post=107201"}],"curies":[{"name":"wp","href":"https:\/\/api.w.org\/{rel}","templated":true}]}}