{"id":107204,"date":"2019-05-21T11:35:06","date_gmt":"2019-05-21T08:35:06","guid":{"rendered":"https:\/\/sana.sy\/es\/?p=107204"},"modified":"2019-05-21T15:35:17","modified_gmt":"2019-05-21T12:35:17","slug":"parlamentario-checo-las-sanciones-de-la-ue-a-siria-caeran-tarde-o-temprano","status":"publish","type":"post","link":"https:\/\/archive.sana.sy\/es\/?p=107204","title":{"rendered":"Parlamentario checo: las sanciones de la UE a Siria caer\u00e1n tarde o temprano"},"content":{"rendered":"<p style=\"text-align: justify;\"><span style=\"color: #800000;\">Praga, SANA<\/span><\/p>\n<p style=\"text-align: justify;\">El jefe del Grupo Parlamentario Checo para la Amistad con Siria, Stanislav Grosbic, confirm\u00f3 que la prorrogaci\u00f3n de medidas econ\u00f3micas coercitivas contra Siria por parte de la Uni\u00f3n Europea tiene como objetivo obstruir los esfuerzos para erradicar los focos de terrorismo restantes y los esfuerzos por reconstruir la infraestructura devastada.<\/p>\n<p style=\"text-align: justify;\">&#8220;La Uni\u00f3n Europea, a trav\u00e9s de las sanciones a Siria, demuestra que defiende el terrorismo&#8221;, dijo Grosbic en una declaraci\u00f3n al reportero de SANA en Praga, destacando que las sanciones impuestas por la UE perjudican principalmente a los ciudadanos sirios, adem\u00e1s de da\u00f1ar a los propios pa\u00edses de la Uni\u00f3n, ya que Siria tiene socios importantes en el mundo como Rusia, China y otros.<\/p>\n<p style=\"text-align: justify;\">El parlamentario checo expres\u00f3 su convicci\u00f3n de que las sanciones a Siria caer\u00e1n tarde o temprano.<\/p>\n<p style=\"text-align: justify;\">Hizo hincapi\u00e9 en que &#8220;los checos no cambiaron su postura hacia Siria, ya que desde el comienzo entendieron la realidad de lo que estaba sucediendo all\u00ed y desvelaron las campa\u00f1as de mentiras y enga\u00f1os&#8221;.<\/p>\n<p style=\"text-align: justify;\"><span style=\"color: #0000ff;\">E. Dubian\/ Riad Sh.<\/span><\/p>\n","protected":false},"excerpt":{"rendered":"<p>Praga, SANA El jefe del Grupo Parlamentario Checo para la Amistad con Siria, Stanislav Grosbic, confirm\u00f3 que la prorrogaci\u00f3n de medidas econ\u00f3micas coercitivas contra Siria por parte de la Uni\u00f3n Europea tiene como objetivo obstruir los esfuerzos para erradicar los focos de terrorismo restantes y los esfuerzos por reconstruir la infraestructura devastada. &#8220;La Uni\u00f3n Europea, &hellip;<\/p>\n","protected":false},"author":32,"featured_media":107205,"comment_status":"closed","ping_status":"closed","sticky":false,"template":"","format":"standard","meta":{"footnotes":""},"categories":[597,467,7541],"tags":[15418],"class_list":["post-107204","post","type-post","status-publish","format-standard","has-post-thumbnail","","category-cinta-de-noticias","category-siria-y-el-mundo","category-ultimas-noticias","tag-parlamentario-checo-las-sanciones-de-la-ue-a-siria-caeran-tarde-o-temprano"],"_links":{"self":[{"href":"https:\/\/archive.sana.sy\/es\/index.php?rest_route=\/wp\/v2\/posts\/107204"}],"collection":[{"href":"https:\/\/archive.sana.sy\/es\/index.php?rest_route=\/wp\/v2\/posts"}],"about":[{"href":"https:\/\/archive.sana.sy\/es\/index.php?rest_route=\/wp\/v2\/types\/post"}],"author":[{"embeddable":true,"href":"https:\/\/archive.sana.sy\/es\/index.php?rest_route=\/wp\/v2\/users\/32"}],"replies":[{"embeddable":true,"href":"https:\/\/archive.sana.sy\/es\/index.php?rest_route=%2Fwp%2Fv2%2Fcomments&post=107204"}],"version-history":[{"count":0,"href":"https:\/\/archive.sana.sy\/es\/index.php?rest_route=\/wp\/v2\/posts\/107204\/revisions"}],"wp:featuredmedia":[{"embeddable":true,"href":"https:\/\/archive.sana.sy\/es\/index.php?rest_route=\/wp\/v2\/media\/107205"}],"wp:attachment":[{"href":"https:\/\/archive.sana.sy\/es\/index.php?rest_route=%2Fwp%2Fv2%2Fmedia&parent=107204"}],"wp:term":[{"taxonomy":"category","embeddable":true,"href":"https:\/\/archive.sana.sy\/es\/index.php?rest_route=%2Fwp%2Fv2%2Fcategories&post=107204"},{"taxonomy":"post_tag","embeddable":true,"href":"https:\/\/archive.sana.sy\/es\/index.php?rest_route=%2Fwp%2Fv2%2Ftags&post=107204"}],"curies":[{"name":"wp","href":"https:\/\/api.w.org\/{rel}","templated":true}]}}