{"id":107207,"date":"2019-05-21T15:18:41","date_gmt":"2019-05-21T12:18:41","guid":{"rendered":"https:\/\/sana.sy\/es\/?p=107207"},"modified":"2019-05-21T15:59:05","modified_gmt":"2019-05-21T12:59:05","slug":"el-canciller-de-tayikistan-reafirma-el-apoyo-de-su-pais-a-siria-en-su-guerra-contra-el-terrorismo","status":"publish","type":"post","link":"https:\/\/archive.sana.sy\/es\/?p=107207","title":{"rendered":"El canciller de Tayikist\u00e1n reafirma el apoyo de su pa\u00eds a Siria en su guerra contra el terrorismo"},"content":{"rendered":"<p style=\"text-align: justify;\"><span style=\"color: #800000;\">Dusamb\u00e9 (Tayikist\u00e1n), SANA<\/span><\/p>\n<p style=\"text-align: justify;\">El ministro de Relaciones Exteriores de Tayikist\u00e1n, Aslov Sirodjidin Muhridinovich, afirm\u00f3 el apoyo total de su pa\u00eds al gobierno sirio y al ej\u00e9rcito \u00e1rabe sirio en su guerra contra el terrorismo hasta su liquidaci\u00f3n en todo el territorio sirio y la estabilizaci\u00f3n del pa\u00eds.<\/p>\n<p style=\"text-align: justify;\">Durante su encuentro con el embajador de Siria ante Teher\u00e1n, Dr. Adnan Mahmoud, en la capital tayika Dusamb\u00e9, Muhridinovich se\u00f1al\u00f3 el rol desempe\u00f1ado por las partes externas en la guerra terrorista, y aludi\u00f3 que su pa\u00eds esta de parte del gobierno y del pueblo sirio afirmando al mismo tiempo que Siria es un pa\u00eds clave en la regi\u00f3n de Oriente Medio y recuperar\u00e1 su protagonismo en las cuestiones de la zona.<\/p>\n<p style=\"text-align: justify;\">Muhridinovich subray\u00f3 la importancia de potenciar las relaciones bilaterales entre los dos pa\u00edses y la disposici\u00f3n de su pa\u00eds de participar en los proyectos de inversi\u00f3n en algunos sectores de desarrollo, y ensalz\u00f3 los v\u00ednculos culturales e hist\u00f3ricos que unen a los dos pueblos amigos.<\/p>\n<p style=\"text-align: justify;\">Por su parte el embajador Mahmoud afirm\u00f3 el inter\u00e9s del gobierno sirio en potenciar las relaciones en los \u00e1mbitos pol\u00edtico, econ\u00f3mico e inversivo y, proseguir el cumplimiento de los convenios firmados.<\/p>\n<p style=\"text-align: justify;\">Mahmoud se\u00f1al\u00f3 la importancia de la coordinaci\u00f3n bilateral e internacional en la lucha antiterrorista dado que la seguridad de Asia Central y Oriente Medio son entrelazados lo cual exige una lucha global contra el terrorismo y el cese de todo apoyo por parte de algunos estados regionales y occidentales.<\/p>\n<p style=\"text-align: justify;\"><span style=\"color: #0000ff;\">Riad Sh.\/ E. Dubian<\/span><\/p>\n","protected":false},"excerpt":{"rendered":"<p>Dusamb\u00e9 (Tayikist\u00e1n), SANA El ministro de Relaciones Exteriores de Tayikist\u00e1n, Aslov Sirodjidin Muhridinovich, afirm\u00f3 el apoyo total de su pa\u00eds al gobierno sirio y al ej\u00e9rcito \u00e1rabe sirio en su guerra contra el terrorismo hasta su liquidaci\u00f3n en todo el territorio sirio y la estabilizaci\u00f3n del pa\u00eds. Durante su encuentro con el embajador de Siria &hellip;<\/p>\n","protected":false},"author":32,"featured_media":107208,"comment_status":"closed","ping_status":"closed","sticky":false,"template":"","format":"standard","meta":{"footnotes":""},"categories":[597,467,7541],"tags":[15419],"class_list":["post-107207","post","type-post","status-publish","format-standard","has-post-thumbnail","","category-cinta-de-noticias","category-siria-y-el-mundo","category-ultimas-noticias","tag-el-canciller-de-tayikistan-reafirma-el-apoyo-de-su-pais-a-siria-en-su-guerra-contra-el-terrorismo"],"_links":{"self":[{"href":"https:\/\/archive.sana.sy\/es\/index.php?rest_route=\/wp\/v2\/posts\/107207"}],"collection":[{"href":"https:\/\/archive.sana.sy\/es\/index.php?rest_route=\/wp\/v2\/posts"}],"about":[{"href":"https:\/\/archive.sana.sy\/es\/index.php?rest_route=\/wp\/v2\/types\/post"}],"author":[{"embeddable":true,"href":"https:\/\/archive.sana.sy\/es\/index.php?rest_route=\/wp\/v2\/users\/32"}],"replies":[{"embeddable":true,"href":"https:\/\/archive.sana.sy\/es\/index.php?rest_route=%2Fwp%2Fv2%2Fcomments&post=107207"}],"version-history":[{"count":0,"href":"https:\/\/archive.sana.sy\/es\/index.php?rest_route=\/wp\/v2\/posts\/107207\/revisions"}],"wp:featuredmedia":[{"embeddable":true,"href":"https:\/\/archive.sana.sy\/es\/index.php?rest_route=\/wp\/v2\/media\/107208"}],"wp:attachment":[{"href":"https:\/\/archive.sana.sy\/es\/index.php?rest_route=%2Fwp%2Fv2%2Fmedia&parent=107207"}],"wp:term":[{"taxonomy":"category","embeddable":true,"href":"https:\/\/archive.sana.sy\/es\/index.php?rest_route=%2Fwp%2Fv2%2Fcategories&post=107207"},{"taxonomy":"post_tag","embeddable":true,"href":"https:\/\/archive.sana.sy\/es\/index.php?rest_route=%2Fwp%2Fv2%2Ftags&post=107207"}],"curies":[{"name":"wp","href":"https:\/\/api.w.org\/{rel}","templated":true}]}}