{"id":107210,"date":"2019-05-21T19:10:24","date_gmt":"2019-05-21T16:10:24","guid":{"rendered":"https:\/\/sana.sy\/es\/?p=107210"},"modified":"2019-05-21T20:02:35","modified_gmt":"2019-05-21T17:02:35","slug":"khamis-esperamos-poder-fortalecer-el-comercio-la-inversion-y-las-relaciones-cientificas-con-la-india","status":"publish","type":"post","link":"https:\/\/archive.sana.sy\/es\/?p=107210","title":{"rendered":"Khamis: esperamos poder fortalecer el comercio, la inversi\u00f3n y las relaciones cient\u00edficas con La India"},"content":{"rendered":"<p style=\"text-align: justify\"><span style=\"color: #800000\">Damasco, SANA<\/span><\/p>\n<p style=\"text-align: justify\">El primer ministro Emad Khamis discuti\u00f3 con el viceministro de Relaciones Exteriores de La India, T.S Tirumurti, y su delegaci\u00f3n acompa\u00f1ante, las formas de mejorar la cooperaci\u00f3n futura entre los dos pa\u00edses en los campos, econ\u00f3mico y de inversi\u00f3n.<\/p>\n<p style=\"text-align: justify\">La reuni\u00f3n abord\u00f3 las formas de c\u00f3mo las empresas indias podr\u00edan contribuir a la reconstrucci\u00f3n y los preparativos en curso para celebrar la tercera sesi\u00f3n del Comit\u00e9 Conjunto sirio-indio para la cooperaci\u00f3n en los campos econ\u00f3mico, cultural, cient\u00edfico y t\u00e9cnico en el pr\u00f3ximo per\u00edodo.<\/p>\n<p style=\"text-align: justify\">Khamis expres\u00f3 su aprecio al gobierno y al pueblo de la Rep\u00fablica de La India por su firme postura hacia la guerra terrorista en Siria, destacando la importancia de establecer bases s\u00f3lidas para las relaciones econ\u00f3micas en beneficio de los pueblos de los dos pa\u00edses y sus intereses comunes.<\/p>\n<p style=\"text-align: justify\">El premier se\u00f1al\u00f3 que Siria espera mejorar las relaciones comerciales, inversionistas y cient\u00edficas con La India y beneficiarse de su experiencia avanzada en el campo de la tecnolog\u00eda de la informaci\u00f3n. As\u00ed como dio la bienvenida a la participaci\u00f3n de empresas indias en la realizaci\u00f3n de proyectos de inversi\u00f3n y reconstrucci\u00f3n.<\/p>\n<p style=\"text-align: justify\"><span style=\"color: #0000ff\">Riad Sh.\/ E. Dubian<\/span><\/p>\n<p style=\"text-align: justify\">\n","protected":false},"excerpt":{"rendered":"<p>Damasco, SANA El primer ministro Emad Khamis discuti\u00f3 con el viceministro de Relaciones Exteriores de La India, T.S Tirumurti, y su delegaci\u00f3n acompa\u00f1ante, las formas de mejorar la cooperaci\u00f3n futura entre los dos pa\u00edses en los campos, econ\u00f3mico y de inversi\u00f3n. La reuni\u00f3n abord\u00f3 las formas de c\u00f3mo las empresas indias podr\u00edan contribuir a la &hellip;<\/p>\n","protected":false},"author":32,"featured_media":107211,"comment_status":"closed","ping_status":"closed","sticky":false,"template":"","format":"standard","meta":{"footnotes":""},"categories":[597,476,7541],"tags":[15420],"class_list":["post-107210","post","type-post","status-publish","format-standard","has-post-thumbnail","","category-cinta-de-noticias","category-locales","category-ultimas-noticias","tag-khamis-esperamos-poder-fortalecer-el-comerciola-inversion-y-las-relaciones-cientificas-con-la-india"],"_links":{"self":[{"href":"https:\/\/archive.sana.sy\/es\/index.php?rest_route=\/wp\/v2\/posts\/107210"}],"collection":[{"href":"https:\/\/archive.sana.sy\/es\/index.php?rest_route=\/wp\/v2\/posts"}],"about":[{"href":"https:\/\/archive.sana.sy\/es\/index.php?rest_route=\/wp\/v2\/types\/post"}],"author":[{"embeddable":true,"href":"https:\/\/archive.sana.sy\/es\/index.php?rest_route=\/wp\/v2\/users\/32"}],"replies":[{"embeddable":true,"href":"https:\/\/archive.sana.sy\/es\/index.php?rest_route=%2Fwp%2Fv2%2Fcomments&post=107210"}],"version-history":[{"count":0,"href":"https:\/\/archive.sana.sy\/es\/index.php?rest_route=\/wp\/v2\/posts\/107210\/revisions"}],"wp:featuredmedia":[{"embeddable":true,"href":"https:\/\/archive.sana.sy\/es\/index.php?rest_route=\/wp\/v2\/media\/107211"}],"wp:attachment":[{"href":"https:\/\/archive.sana.sy\/es\/index.php?rest_route=%2Fwp%2Fv2%2Fmedia&parent=107210"}],"wp:term":[{"taxonomy":"category","embeddable":true,"href":"https:\/\/archive.sana.sy\/es\/index.php?rest_route=%2Fwp%2Fv2%2Fcategories&post=107210"},{"taxonomy":"post_tag","embeddable":true,"href":"https:\/\/archive.sana.sy\/es\/index.php?rest_route=%2Fwp%2Fv2%2Ftags&post=107210"}],"curies":[{"name":"wp","href":"https:\/\/api.w.org\/{rel}","templated":true}]}}