{"id":107225,"date":"2019-05-21T17:30:46","date_gmt":"2019-05-21T14:30:46","guid":{"rendered":"https:\/\/sana.sy\/es\/?p=107225"},"modified":"2019-05-21T20:43:17","modified_gmt":"2019-05-21T17:43:17","slug":"siria-dice-presente-en-la-22-edicion-de-la-feria","status":"publish","type":"post","link":"https:\/\/archive.sana.sy\/es\/?p=107225","title":{"rendered":"Siria dice presente en la 22\u00aa edici\u00f3n de la Feria Comercial Internacional de Primavera de Pyongyang"},"content":{"rendered":"<p style=\"text-align: justify\"><span style=\"color: #800000\">Pyongyang, SANA<\/span><\/p>\n<p style=\"text-align: justify\">Con la participaci\u00f3n de Siria, fue inaugurada ayer el lunes, la 22\u00aa edici\u00f3n de la Feria Comercial Internacional de Primavera de Pyongyang en la Rep\u00fablica Popular Democr\u00e1tica de Corea (RPDC), la cual durar\u00e1 hasta el 24 del mes en curso.<\/p>\n<p style=\"text-align: justify\">El pabell\u00f3n sirio llam\u00f3 la atenci\u00f3n de decenas de visitantes que fueron atra\u00eddos por los productos exhibidos, tales como los tr\u00edpticos sobre los sitios tur\u00edsticos en Siria, los trabajos de artesan\u00eda, el aceite de oliva, el jab\u00f3n, los textiles, y vestimentas hechos a mano, adem\u00e1s de dulces y alimentos, entre otros.<\/p>\n<p style=\"text-align: justify\">Entre los destacados visitantes del pabell\u00f3n sirio figura el viceprimer ministro, y el ministro de Comercio Exterior de la RPDC, as\u00ed como los embajadores de Rusia, la India, Cuba, Vietnam, Indonesia, Bulgaria, Palestina en Pyongyang, los cuales apreciaron la participaci\u00f3n de Siria pese a las duras condiciones de guerra que vive, as\u00ed como alabaron la buena calidad de los productos sirios.<\/p>\n<p style=\"text-align: justify\">En declaraciones concedidas a la agencia rusa Itar Tass, el embajador de Siria ante Pyongyang, Tamam Salim, agradeci\u00f3 el apoyo del gobierno de la RPDC, subrayando que Siria, pa\u00eds que se ha enfrentado a la peor guerra terrorista, demuestra gracias a su pueblo y ej\u00e9rcito, que la misma es capaz de revitalizar su econom\u00eda y continuar con el proceso de reconstrucci\u00f3n.<\/p>\n<p style=\"text-align: justify\">Lynn A.<\/p>\n","protected":false},"excerpt":{"rendered":"<p>Pyongyang, SANA Con la participaci\u00f3n de Siria, fue inaugurada ayer el lunes, la 22\u00aa edici\u00f3n de la Feria Comercial Internacional de Primavera de Pyongyang en la Rep\u00fablica Popular Democr\u00e1tica de Corea (RPDC), la cual durar\u00e1 hasta el 24 del mes en curso. El pabell\u00f3n sirio llam\u00f3 la atenci\u00f3n de decenas de visitantes que fueron atra\u00eddos &hellip;<\/p>\n","protected":false},"author":24,"featured_media":107226,"comment_status":"closed","ping_status":"closed","sticky":false,"template":"","format":"standard","meta":{"footnotes":""},"categories":[597,467,7541],"tags":[],"class_list":["post-107225","post","type-post","status-publish","format-standard","has-post-thumbnail","","category-cinta-de-noticias","category-siria-y-el-mundo","category-ultimas-noticias"],"_links":{"self":[{"href":"https:\/\/archive.sana.sy\/es\/index.php?rest_route=\/wp\/v2\/posts\/107225"}],"collection":[{"href":"https:\/\/archive.sana.sy\/es\/index.php?rest_route=\/wp\/v2\/posts"}],"about":[{"href":"https:\/\/archive.sana.sy\/es\/index.php?rest_route=\/wp\/v2\/types\/post"}],"author":[{"embeddable":true,"href":"https:\/\/archive.sana.sy\/es\/index.php?rest_route=\/wp\/v2\/users\/24"}],"replies":[{"embeddable":true,"href":"https:\/\/archive.sana.sy\/es\/index.php?rest_route=%2Fwp%2Fv2%2Fcomments&post=107225"}],"version-history":[{"count":0,"href":"https:\/\/archive.sana.sy\/es\/index.php?rest_route=\/wp\/v2\/posts\/107225\/revisions"}],"wp:featuredmedia":[{"embeddable":true,"href":"https:\/\/archive.sana.sy\/es\/index.php?rest_route=\/wp\/v2\/media\/107226"}],"wp:attachment":[{"href":"https:\/\/archive.sana.sy\/es\/index.php?rest_route=%2Fwp%2Fv2%2Fmedia&parent=107225"}],"wp:term":[{"taxonomy":"category","embeddable":true,"href":"https:\/\/archive.sana.sy\/es\/index.php?rest_route=%2Fwp%2Fv2%2Fcategories&post=107225"},{"taxonomy":"post_tag","embeddable":true,"href":"https:\/\/archive.sana.sy\/es\/index.php?rest_route=%2Fwp%2Fv2%2Ftags&post=107225"}],"curies":[{"name":"wp","href":"https:\/\/api.w.org\/{rel}","templated":true}]}}